{"id":109,"date":"2005-12-12T06:29:00","date_gmt":"2005-12-12T06:29:00","guid":{"rendered":"http:\/\/mielitty.com\/blog\/2005\/12\/12\/jyvaskylan-retkesta\/"},"modified":"2005-12-12T06:29:00","modified_gmt":"2005-12-12T06:29:00","slug":"jyvaskylan-retkesta","status":"publish","type":"post","link":"https:\/\/mielitty.com\/blogi\/2005\/12\/12\/jyvaskylan-retkesta\/","title":{"rendered":"Jyv\u00e4skyl\u00e4n retkest\u00e4"},"content":{"rendered":"<p>Nyt lyhyt selostus sunnuntaisesta sukuloimis- ja k\u00e4sity\u00f6retkest\u00e4 Jyv\u00e4skyl\u00e4\u00e4n. Mukavaa oli, vaikka kaksi melkein nelj\u00e4n tunnin junamatkaa saman p\u00e4iv\u00e4n aikana puuduttivatkin. K\u00e4vimme vierailemassa serkkuni luona, joka on k\u00e4sity\u00f6l\u00e4inen. H\u00e4n tekee muun muassa kauniita huovutettuja haltijoita. K\u00e4yk\u00e4\u00e4 katsomassa uusimman Glorian Koti -lehden sivu 63. Keskelt\u00e4 sivua l\u00f6ytyy serkkuni Mareenan tekem\u00e4 haltija.<\/p>\n<p>Matkan t\u00e4rkein kohde oli <a href=\"http:\/\/www.craftmuseum.fi\/index.htm\">K\u00e4sity\u00f6n museo<\/a>  ja siell\u00e4 j\u00e4rjestetyt k\u00e4sity\u00f6l\u00e4isten markkinat ja <a href=\"http:\/\/www.craftmuseum.fi\/nayttelyt\/vaihtuvat\/05kansanomaisetsukat.htm\">sukkan\u00e4yttely<\/a>. Markkinoilta l\u00f6ysin <a href=\"http:\/\/www.designanupylsy.com\/\">Anu Pylsyn<\/a> suunnitteleman paidan, jossa on rajakarjalaisia solkia, punainen painatus mustalla pohjalla. Tyylik\u00e4st\u00e4. Samassa korttelissa olevasta k\u00e4sity\u00f6kaupasta l\u00f6ysin siipalle lahjaksi uudet korval\u00e4p\u00e4t. Itsellen ostin lis\u00e4ksi K\u00e4sity\u00f6nmuseosta Perni\u00f6n muinaispukua k\u00e4sittelev\u00e4n kirjan. Puvun valmistusohjeet ovat ykstyiskohtaiset, tuon kirjan mukaan voisi valmistaa Perni\u00f6n puvun. T\u00e4ytyy huomauttaa, ett\u00e4 itse en usko, ett\u00e4 muinaispuvun mekko on ollut tuon kuvan mallinen. Hartial\u00e4p\u00e4t ovat todenn\u00e4k\u00f6isesti hyvinkin keksityt, mekon pit\u00e4isi olla saman tyyppinen kuin <a href=\"http:\/\/www.greywolves.org\/kuvat\/data\/kevatretki00_nina\/006retki.jpg\" data-lightbox=\"gal[109]\">Euran puvun mekko<\/a>.<\/p>\n<p><a href=\"\/blogi\/wp-content\/uploads\/2005\/12\/perni3F3Fn20muinaispuku.jpg\" data-lightbox=\"gal[109]\"><img decoding=\"async\" style=\"\" src=\"\/blogi\/wp-content\/uploads\/2005\/12\/perni3F3Fn20muinaispuku.jpg\" alt=\"\" border=\"0\" \/><\/a><\/p>\n<p>K\u00e4sity\u00f6n museosta jaarittelen lis\u00e4\u00e4 kunhan palaan keskiviikkona Tallinnasta. Silloin my\u00f6s luvassa ruokap\u00e4iv\u00e4kirjan analysointia ja yhteenveto Tallinnan retkest\u00e4. ;)<\/p>\n","protected":false},"excerpt":{"rendered":"<p>Nyt lyhyt selostus sunnuntaisesta sukuloimis- ja k\u00e4sity\u00f6retkest\u00e4 Jyv\u00e4skyl\u00e4\u00e4n. Mukavaa oli, vaikka kaksi melkein nelj\u00e4n tunnin junamatkaa saman p\u00e4iv\u00e4n aikana puuduttivatkin. K\u00e4vimme vierailemassa serkkuni luona, joka on k\u00e4sity\u00f6l\u00e4inen. H\u00e4n tekee muun muassa kauniita huovutettuja haltijoita. K\u00e4yk\u00e4\u00e4 katsomassa uusimman Glorian Koti -lehden sivu 63. Keskelt\u00e4 sivua l\u00f6ytyy serkkuni Mareenan tekem\u00e4 haltija. Matkan t\u00e4rkein kohde oli K\u00e4sity\u00f6n museo [&hellip;]<\/p>\n","protected":false},"author":2,"featured_media":0,"comment_status":"open","ping_status":"open","sticky":false,"template":"","format":"standard","meta":{"footnotes":""},"categories":[1],"tags":[],"class_list":["post-109","post","type-post","status-publish","format-standard","hentry","category-uncategorized"],"_links":{"self":[{"href":"https:\/\/mielitty.com\/blogi\/wp-json\/wp\/v2\/posts\/109","targetHints":{"allow":["GET"]}}],"collection":[{"href":"https:\/\/mielitty.com\/blogi\/wp-json\/wp\/v2\/posts"}],"about":[{"href":"https:\/\/mielitty.com\/blogi\/wp-json\/wp\/v2\/types\/post"}],"author":[{"embeddable":true,"href":"https:\/\/mielitty.com\/blogi\/wp-json\/wp\/v2\/users\/2"}],"replies":[{"embeddable":true,"href":"https:\/\/mielitty.com\/blogi\/wp-json\/wp\/v2\/comments?post=109"}],"version-history":[{"count":0,"href":"https:\/\/mielitty.com\/blogi\/wp-json\/wp\/v2\/posts\/109\/revisions"}],"wp:attachment":[{"href":"https:\/\/mielitty.com\/blogi\/wp-json\/wp\/v2\/media?parent=109"}],"wp:term":[{"taxonomy":"category","embeddable":true,"href":"https:\/\/mielitty.com\/blogi\/wp-json\/wp\/v2\/categories?post=109"},{"taxonomy":"post_tag","embeddable":true,"href":"https:\/\/mielitty.com\/blogi\/wp-json\/wp\/v2\/tags?post=109"}],"curies":[{"name":"wp","href":"https:\/\/api.w.org\/{rel}","templated":true}]}}