{"id":1379,"date":"2010-11-14T18:45:47","date_gmt":"2010-11-14T16:45:47","guid":{"rendered":"http:\/\/mielitty.com\/blogi\/?p=1379"},"modified":"2010-11-14T19:21:39","modified_gmt":"2010-11-14T17:21:39","slug":"vareja-valitsemassa","status":"publish","type":"post","link":"https:\/\/mielitty.com\/blogi\/2010\/11\/14\/vareja-valitsemassa\/","title":{"rendered":"V\u00e4rej\u00e4 valitsemassa"},"content":{"rendered":"<p>Koska ulkona on nyt marraskuun my\u00f6t\u00e4 pime\u00e4\u00e4 ja my\u00f6s kotosalla on h\u00e4m\u00e4r\u00e4\u00e4 kiitos tunnelmallisen valaistuksen, olen tyytyv\u00e4inen, ett\u00e4 kes\u00e4loman ihanilla helteill\u00e4 tartuin kauluriprojektiin. Silloin riitti valoa v\u00e4rien valintaan enemm\u00e4n kuin tarpeeksi. Kes\u00e4ll\u00e4 ja alkusyksyst\u00e4 syntyi t\u00e4llainen pino kaulureita:<\/p>\n<p><img loading=\"lazy\" decoding=\"async\" class=\"aligncenter size-large wp-image-1386\" title=\"kauluritweb\" src=\"https:\/\/mielitty.com\/blogi\/wp-content\/uploads\/2010\/11\/kauluritweb-470x626.jpg\" alt=\"\" width=\"470\" height=\"626\" srcset=\"https:\/\/mielitty.com\/blogi\/wp-content\/uploads\/2010\/11\/kauluritweb-470x626.jpg 470w, https:\/\/mielitty.com\/blogi\/wp-content\/uploads\/2010\/11\/kauluritweb-225x300.jpg 225w, https:\/\/mielitty.com\/blogi\/wp-content\/uploads\/2010\/11\/kauluritweb.jpg 567w\" sizes=\"auto, (max-width: 470px) 100vw, 470px\" \/><\/p>\n<p>Aina v\u00e4lill\u00e4 pohdin, miksi ihmiset n\u00e4kev\u00e4t v\u00e4rit eri tavoilla ja miksi joillekin (kuten itselleni) v\u00e4rit ovat sellainen intohimo, ettei niit\u00e4 vain voi pit\u00e4\u00e4 yhdentekevin\u00e4. V\u00e4reist\u00e4 ei voi puhua vihre\u00e4n\u00e4 tai punaisena, niihin on pakko lis\u00e4t\u00e4 m\u00e4\u00e4ritt\u00e4vi\u00e4 sanoja tai jopa kutsua niit\u00e4 aivan omilla sanoillaan: <em>ruohonvihre\u00e4, sinivihre\u00e4, mintunvihre\u00e4, celadoninvihre\u00e4, sammaleenvihre\u00e4, mets\u00e4nvihre\u00e4, vaaleanvihre\u00e4, myrkynvihre\u00e4, oliivinvihre\u00e4, tummanvihre\u00e4, tulipunainen, viininpunainen, tomaatinpunainen, koralli, pinkki, vaaleanpunainen, vanha roosa&#8230;<\/em><\/p>\n<p><a href=\"http:\/\/www.mindbrowsing.com\/wp-content\/uploads\/2010\/03\/Colors-man-v-woman.jpg\" data-lightbox=\"gal[1379]\">Vanha vitsi on<\/a>, ett\u00e4 naisilla on eri v\u00e4reille noin ziljoona nimityst\u00e4 ja miehill\u00e4 vain muutama. \u00a0Syyn\u00e4 taitaa olla se, ett\u00e4 ihmiset n\u00e4kev\u00e4t ylip\u00e4\u00e4t\u00e4\u00e4n asioita, joista ovat kiinnostuneita. Mutta mist\u00e4 voi johtua kiinnostus v\u00e4riin, sit\u00e4 en tied\u00e4. Minuun v\u00e4rit vaikuttavat niin vahvasti, ett\u00e4 oikeat v\u00e4rit oikeissa paikoissa luovat onnea, rauhoittavat ja saavat hymyilem\u00e4\u00e4n, v\u00e4\u00e4r\u00e4t v\u00e4rit taas kiusaavat ja tekev\u00e4t olon ep\u00e4mukavaksi.<\/p>\n<p>Kauniit v\u00e4rit ja v\u00e4riyhdistelm\u00e4t oudoissa paikoissa voivat aiheuttaa ihastunutta huokailua ja tyytyv\u00e4isyytt\u00e4, jota kukaan muu ei varmaankaan tajua (kokeilkaapa miten kaunis v\u00e4riyhdistelm\u00e4 ovat kellanvihre\u00e4t herkkukurkkuviipaleet vaaleankeltaisella Oivariinilla voidellulla Primulan Artesaani-maalaisleiv\u00e4n viipaleella). Toisaalta my\u00f6nn\u00e4n, ett\u00e4 rumia v\u00e4rej\u00e4 ei oikeastaan ole, on vain v\u00e4rej\u00e4 v\u00e4\u00e4riss\u00e4 paikoissa ja v\u00e4\u00e4riss\u00e4 suhteissa toisiinsa.<\/p>\n<p><img loading=\"lazy\" decoding=\"async\" class=\"aligncenter size-large wp-image-1385\" title=\"kaulurit_detailweb\" src=\"https:\/\/mielitty.com\/blogi\/wp-content\/uploads\/2010\/11\/kaulurit_detailweb-470x353.jpg\" alt=\"\" width=\"470\" height=\"353\" srcset=\"https:\/\/mielitty.com\/blogi\/wp-content\/uploads\/2010\/11\/kaulurit_detailweb-470x353.jpg 470w, https:\/\/mielitty.com\/blogi\/wp-content\/uploads\/2010\/11\/kaulurit_detailweb-300x225.jpg 300w, https:\/\/mielitty.com\/blogi\/wp-content\/uploads\/2010\/11\/kaulurit_detailweb.jpg 567w\" sizes=\"auto, (max-width: 470px) 100vw, 470px\" \/><\/p>\n<p>T\u00e4m\u00e4n kummallisen v\u00e4rifiksaation takia kodin sein\u00e4maalien valitseminen oli haastavaa, vaikka oli selv\u00e4\u00e4, ett\u00e4 seinien p\u00e4\u00e4v\u00e4ri on valkoinen. Mutta millainen valkoinen? Siit\u00e4h\u00e4n vasta riemu repesi, kun t\u00e4ytyi olla varma, ettei s\u00e4vy ole liian punainen, keltainen, sininen tai liian tumma tai vaalea, liian murrettu tai puhdas. Lopulta keitti\u00f6n puolen sein\u00e4t maalattiin Tikkurilan Gardenialla ja olohuoneen Kallalla. Sein\u00e4t n\u00e4ytt\u00e4v\u00e4t l\u00e4hes valkoisilta, mutta harmaampi Kalla tuo hitusen verran enemm\u00e4n rauhallisuutta olohuoneeseen. T\u00e4ss\u00e4 marraskuun pimeydess\u00e4 tosin noissa valkoisen eri s\u00e4vyiss\u00e4 en kyll\u00e4 min\u00e4k\u00e4\u00e4n huomaa mit\u00e4\u00e4n eroa ja kuvissa sein\u00e4 n\u00e4ytt\u00e4\u00e4 joka tapauksessa harmaalta.<\/p>\n<p>Kaikille v\u00e4reist\u00e4 kiinnostuneille suosittelen jo aikaisemminkin mainostamaani <a href=\"http:\/\/www.coloria.net\/\">Coloria-sivustoa<\/a>. Tuon parissa vier\u00e4ht\u00e4\u00e4 tunti jos toinenkin.<\/p>\n<p><img loading=\"lazy\" decoding=\"async\" class=\"aligncenter size-large wp-image-1383\" title=\"vihreaweb\" src=\"https:\/\/mielitty.com\/blogi\/wp-content\/uploads\/2010\/11\/vihreaweb-470x626.jpg\" alt=\"\" width=\"470\" height=\"626\" srcset=\"https:\/\/mielitty.com\/blogi\/wp-content\/uploads\/2010\/11\/vihreaweb-470x626.jpg 470w, https:\/\/mielitty.com\/blogi\/wp-content\/uploads\/2010\/11\/vihreaweb-225x300.jpg 225w, https:\/\/mielitty.com\/blogi\/wp-content\/uploads\/2010\/11\/vihreaweb.jpg 567w\" sizes=\"auto, (max-width: 470px) 100vw, 470px\" \/><\/p>\n<p>Mutta sananen kuvien kaulureista: Olen taas t\u00e4ksi talveksi valmistanut joukon erilaisia uniikkeja kaulureita. Yksik\u00e4\u00e4n kauluri ei ole siis toisensa kaltainen.\u00a0Valitsen langat jokaiseen kauluriin yksitellen ja viimeistelen kaulurin \u00a0huolella valitsimillani napeilla. Juuri tuo lankojen v\u00e4rien ja nappien valitseminen on parasta, kun huomaa, ett\u00e4 omien k\u00e4tten kautta syntyy tuote, joka vastaa omaa mielikuvaa ja miellytt\u00e4\u00e4 omaa silm\u00e4\u00e4. Kuvissa olevat kaulurit ovat kaupan <a href=\"http:\/\/www.unicafe.fi\/juhlaravintolat\/vanha-ylioppilastalo\/vanhan-joulumyyj%C3%A4iset\">Vanhan Ylioppilastalon Joulumyyj\u00e4isiss\u00e4<\/a> 12.-22.12.<\/p>\n","protected":false},"excerpt":{"rendered":"<p>Koska ulkona on nyt marraskuun my\u00f6t\u00e4 pime\u00e4\u00e4 ja my\u00f6s kotosalla on h\u00e4m\u00e4r\u00e4\u00e4 kiitos tunnelmallisen valaistuksen, olen tyytyv\u00e4inen, ett\u00e4 kes\u00e4loman ihanilla helteill\u00e4 tartuin kauluriprojektiin. Silloin riitti valoa v\u00e4rien valintaan enemm\u00e4n kuin tarpeeksi. Kes\u00e4ll\u00e4 ja alkusyksyst\u00e4 syntyi t\u00e4llainen pino kaulureita: Aina v\u00e4lill\u00e4 pohdin, miksi ihmiset n\u00e4kev\u00e4t v\u00e4rit eri tavoilla ja miksi joillekin (kuten itselleni) v\u00e4rit ovat sellainen [&hellip;]<\/p>\n","protected":false},"author":2,"featured_media":0,"comment_status":"open","ping_status":"open","sticky":false,"template":"","format":"standard","meta":{"footnotes":""},"categories":[46,44,47],"tags":[],"class_list":["post-1379","post","type-post","status-publish","format-standard","hentry","category-lankatekniikat","category-neulonta","category-virkkaus"],"_links":{"self":[{"href":"https:\/\/mielitty.com\/blogi\/wp-json\/wp\/v2\/posts\/1379","targetHints":{"allow":["GET"]}}],"collection":[{"href":"https:\/\/mielitty.com\/blogi\/wp-json\/wp\/v2\/posts"}],"about":[{"href":"https:\/\/mielitty.com\/blogi\/wp-json\/wp\/v2\/types\/post"}],"author":[{"embeddable":true,"href":"https:\/\/mielitty.com\/blogi\/wp-json\/wp\/v2\/users\/2"}],"replies":[{"embeddable":true,"href":"https:\/\/mielitty.com\/blogi\/wp-json\/wp\/v2\/comments?post=1379"}],"version-history":[{"count":0,"href":"https:\/\/mielitty.com\/blogi\/wp-json\/wp\/v2\/posts\/1379\/revisions"}],"wp:attachment":[{"href":"https:\/\/mielitty.com\/blogi\/wp-json\/wp\/v2\/media?parent=1379"}],"wp:term":[{"taxonomy":"category","embeddable":true,"href":"https:\/\/mielitty.com\/blogi\/wp-json\/wp\/v2\/categories?post=1379"},{"taxonomy":"post_tag","embeddable":true,"href":"https:\/\/mielitty.com\/blogi\/wp-json\/wp\/v2\/tags?post=1379"}],"curies":[{"name":"wp","href":"https:\/\/api.w.org\/{rel}","templated":true}]}}