{"id":164,"date":"2006-02-10T17:29:00","date_gmt":"2006-02-10T17:29:00","guid":{"rendered":"http:\/\/mielitty.com\/blog\/2006\/02\/10\/villatakki-ja-attenborough\/"},"modified":"2006-02-10T17:29:00","modified_gmt":"2006-02-10T17:29:00","slug":"villatakki-ja-attenborough","status":"publish","type":"post","link":"https:\/\/mielitty.com\/blogi\/2006\/02\/10\/villatakki-ja-attenborough\/","title":{"rendered":"Villatakki ja Attenborough"},"content":{"rendered":"<p>Raitavillatakki edistyy, hihat ovat jo melkein valmiit. Reunat eiv\u00e4t n\u00e4yt\u00e4 kauhean tasaisilta, katsotaan miten saan ne saumattua&#8230;<\/p>\n<p><a href=\"\/blogi\/wp-content\/uploads\/2006\/02\/hihoja.jpg\" data-lightbox=\"gal[164]\"><img decoding=\"async\" style=\"\" src=\"\/blogi\/wp-content\/uploads\/2006\/02\/hihoja.jpg\" alt=\"\" border=\"0\" \/><\/a><\/p>\n<p>V\u00e4lill\u00e4 valitsin takkiin jo nappeja, on vaikeaa tehd\u00e4 valintaa, kun on liikaa kandidaatteja.;) Taidan p\u00e4\u00e4ty\u00e4 oikeanpuoleiseen satsiin, siit\u00e4 pit\u00e4isi valita kuusi tai seitsem\u00e4n mukavaa.<\/p>\n<p><a href=\"\/blogi\/wp-content\/uploads\/2006\/02\/napit20raitavillatakki.jpg\" data-lightbox=\"gal[164]\"><img decoding=\"async\" style=\"\" src=\"\/blogi\/wp-content\/uploads\/2006\/02\/napit20raitavillatakki.jpg\" alt=\"\" border=\"0\" \/><\/a><\/p>\n<p>Pit\u00e4\u00e4 viel\u00e4 mainostaa uutta dvd-hankintaani. Kun halvalla sain, hankin <a href=\"http:\/\/en.wikipedia.org\/wiki\/David_Attenborough\">David Attenboroughin<\/a> kaksi luontodokkarisarjaa: Kadonneen el\u00e4m\u00e4n j\u00e4ljill\u00e4 (trilobiiteista, dinoista ja muista muinaisista) ja  Kasvien maailma (mm. nopeutettuja kuvasarjoja kasvien el\u00e4m\u00e4st\u00e4). Olen Attenborough-fani, h\u00e4n ja Sean Connery ovat ehdottomasti suosikkini &#8220;vanhat herrasmiehet&#8221; -kategoriassa. Huomenna muuten alkaa Ykk\u00f6sell\u00e4 uusi Attenborough -sarja, <a href=\"http:\/\/www.yle.fi\/etusivu\/ohjelmaopas\/ohjelma.php?serial=t0131244663813&#038;l=f&amp;mode=www\">Maan pienimm\u00e4t<\/a>.<\/p>\n<p>Ja lopuksi linkkivinkki: <a href=\"http:\/\/www.furiae.com\/index.php?view=gallery\">Furiae -sivulta<\/a> l\u00f6ytyy kolmekymppisen ruotsalaistyt\u00f6n taidetta,  fantsu-gootti-romantiikka-kauhu -painotteista. Sivuilta voi ladata uusia taustakuvia, min\u00e4 valitsin <a href=\"http:\/\/www.furiae.com\/gallery\/wallpapers\/eloquence1024768.jpg\" data-lightbox=\"gal[164]\">t\u00e4m\u00e4n<\/a>.<\/p>\n","protected":false},"excerpt":{"rendered":"<p>Raitavillatakki edistyy, hihat ovat jo melkein valmiit. Reunat eiv\u00e4t n\u00e4yt\u00e4 kauhean tasaisilta, katsotaan miten saan ne saumattua&#8230; V\u00e4lill\u00e4 valitsin takkiin jo nappeja, on vaikeaa tehd\u00e4 valintaa, kun on liikaa kandidaatteja.;) Taidan p\u00e4\u00e4ty\u00e4 oikeanpuoleiseen satsiin, siit\u00e4 pit\u00e4isi valita kuusi tai seitsem\u00e4n mukavaa. Pit\u00e4\u00e4 viel\u00e4 mainostaa uutta dvd-hankintaani. Kun halvalla sain, hankin David Attenboroughin kaksi luontodokkarisarjaa: Kadonneen [&hellip;]<\/p>\n","protected":false},"author":2,"featured_media":0,"comment_status":"open","ping_status":"open","sticky":false,"template":"","format":"standard","meta":{"footnotes":""},"categories":[1],"tags":[],"class_list":["post-164","post","type-post","status-publish","format-standard","hentry","category-uncategorized"],"_links":{"self":[{"href":"https:\/\/mielitty.com\/blogi\/wp-json\/wp\/v2\/posts\/164","targetHints":{"allow":["GET"]}}],"collection":[{"href":"https:\/\/mielitty.com\/blogi\/wp-json\/wp\/v2\/posts"}],"about":[{"href":"https:\/\/mielitty.com\/blogi\/wp-json\/wp\/v2\/types\/post"}],"author":[{"embeddable":true,"href":"https:\/\/mielitty.com\/blogi\/wp-json\/wp\/v2\/users\/2"}],"replies":[{"embeddable":true,"href":"https:\/\/mielitty.com\/blogi\/wp-json\/wp\/v2\/comments?post=164"}],"version-history":[{"count":0,"href":"https:\/\/mielitty.com\/blogi\/wp-json\/wp\/v2\/posts\/164\/revisions"}],"wp:attachment":[{"href":"https:\/\/mielitty.com\/blogi\/wp-json\/wp\/v2\/media?parent=164"}],"wp:term":[{"taxonomy":"category","embeddable":true,"href":"https:\/\/mielitty.com\/blogi\/wp-json\/wp\/v2\/categories?post=164"},{"taxonomy":"post_tag","embeddable":true,"href":"https:\/\/mielitty.com\/blogi\/wp-json\/wp\/v2\/tags?post=164"}],"curies":[{"name":"wp","href":"https:\/\/api.w.org\/{rel}","templated":true}]}}