{"id":174,"date":"2006-03-02T13:33:00","date_gmt":"2006-03-02T13:33:00","guid":{"rendered":"http:\/\/mielitty.com\/blog\/2006\/03\/02\/elna-huivi\/"},"modified":"2006-03-02T13:33:00","modified_gmt":"2006-03-02T13:33:00","slug":"elna-huivi","status":"publish","type":"post","link":"https:\/\/mielitty.com\/blogi\/2006\/03\/02\/elna-huivi\/","title":{"rendered":"Elna -huivi"},"content":{"rendered":"<p>Valkoinen huivi sai nimens\u00e4 mummini mukaan. H\u00e4nelt\u00e4 perin nuo valkoiset langat, joista huivi on tehty.<\/p>\n<p><a href=\"\/blogi\/wp-content\/uploads\/2006\/03\/elna20in20action.0.jpg\" data-lightbox=\"gal[174]\"><img decoding=\"async\" style=\"\" src=\"\/blogi\/wp-content\/uploads\/2006\/03\/elna20in20action.0.jpg\" alt=\"\" border=\"0\" \/><\/a><\/p>\n<p>Klikkaa isommaksi, ett\u00e4 n\u00e4et jotain.;)<\/p>\n<p><a href=\"\/blogi\/wp-content\/uploads\/2006\/03\/elna20valmis.jpg\" data-lightbox=\"gal[174]\"><img decoding=\"async\" style=\"\" src=\"\/blogi\/wp-content\/uploads\/2006\/03\/elna20valmis.jpg\" alt=\"\" border=\"0\" \/><\/a><\/p>\n<p><a href=\"\/blogi\/wp-content\/uploads\/2006\/03\/elna20detail.jpg\" data-lightbox=\"gal[174]\"><img decoding=\"async\" style=\"\" src=\"\/blogi\/wp-content\/uploads\/2006\/03\/elna20detail.jpg\" alt=\"\" border=\"0\" \/><\/a><\/p>\n<p>Materiaalina  huivissa on siis monenmoista lankaa, mutta joukossa on ainakin alpakkaa ja erilaisia villa- ja mohairsekoitelankoja.Virkattuja ympyr\u00f6it\u00e4 on huivissa yhteens\u00e4 68 kappaletta ja ne on kiinnitetty toisiinsa kiinni ompelemalla. Lopuksi huivi on viimeistelty virkkaamalla kiinteit\u00e4 silmukoita kaksi kerrosta koko huivin ymp\u00e4ri.<\/p>\n<p>T\u00e4n\u00e4\u00e4n aamup\u00e4iv\u00e4ll\u00e4 olin ep\u00e4toivoinen niin flunssan kuin huivinkin takia. Flunssa vaivaa yh\u00e4, mutta huivi parani huomattavasti pr\u00e4ss\u00e4yksen j\u00e4lkeen. Kaikki ylim\u00e4\u00e4r\u00e4iset kuhmut ja ep\u00e4tasaisuudet katosivat. Taas tulin hyv\u00e4lle tuulelle, kun tajusin pr\u00e4ss\u00e4yksen ihmeellisen, melkein maagisen voiman.;)<\/p>\n<p>Elna-huivissa on minusta samaa keveytt\u00e4 kuin Perhosen <a href=\"http:\/\/perhonen.com\/vuokko1.html\">Vuokko<\/a> -valaisimessa tai <a href=\"http:\/\/www.tordboontje.com\/\">Tord Boontjen<\/a> t\u00f6iss\u00e4. Pid\u00e4n kovasti tuon tyyppisest\u00e4 orgaanisesta muotoilusta.<\/p>\n<p>EDIT: T\u00e4n\u00e4\u00e4n on muutenkin valkoinen p\u00e4iv\u00e4. L\u00e4\u00e4kkeeksi s\u00f6in pitk\u00e4st\u00e4 aikaa lapsuudenherkkua, makaronivelli\u00e4.<\/p>\n","protected":false},"excerpt":{"rendered":"<p>Valkoinen huivi sai nimens\u00e4 mummini mukaan. H\u00e4nelt\u00e4 perin nuo valkoiset langat, joista huivi on tehty. Klikkaa isommaksi, ett\u00e4 n\u00e4et jotain.;) Materiaalina huivissa on siis monenmoista lankaa, mutta joukossa on ainakin alpakkaa ja erilaisia villa- ja mohairsekoitelankoja.Virkattuja ympyr\u00f6it\u00e4 on huivissa yhteens\u00e4 68 kappaletta ja ne on kiinnitetty toisiinsa kiinni ompelemalla. Lopuksi huivi on viimeistelty virkkaamalla kiinteit\u00e4 [&hellip;]<\/p>\n","protected":false},"author":2,"featured_media":0,"comment_status":"open","ping_status":"open","sticky":false,"template":"","format":"standard","meta":{"footnotes":""},"categories":[1],"tags":[],"class_list":["post-174","post","type-post","status-publish","format-standard","hentry","category-uncategorized"],"_links":{"self":[{"href":"https:\/\/mielitty.com\/blogi\/wp-json\/wp\/v2\/posts\/174","targetHints":{"allow":["GET"]}}],"collection":[{"href":"https:\/\/mielitty.com\/blogi\/wp-json\/wp\/v2\/posts"}],"about":[{"href":"https:\/\/mielitty.com\/blogi\/wp-json\/wp\/v2\/types\/post"}],"author":[{"embeddable":true,"href":"https:\/\/mielitty.com\/blogi\/wp-json\/wp\/v2\/users\/2"}],"replies":[{"embeddable":true,"href":"https:\/\/mielitty.com\/blogi\/wp-json\/wp\/v2\/comments?post=174"}],"version-history":[{"count":0,"href":"https:\/\/mielitty.com\/blogi\/wp-json\/wp\/v2\/posts\/174\/revisions"}],"wp:attachment":[{"href":"https:\/\/mielitty.com\/blogi\/wp-json\/wp\/v2\/media?parent=174"}],"wp:term":[{"taxonomy":"category","embeddable":true,"href":"https:\/\/mielitty.com\/blogi\/wp-json\/wp\/v2\/categories?post=174"},{"taxonomy":"post_tag","embeddable":true,"href":"https:\/\/mielitty.com\/blogi\/wp-json\/wp\/v2\/tags?post=174"}],"curies":[{"name":"wp","href":"https:\/\/api.w.org\/{rel}","templated":true}]}}