{"id":2056,"date":"2012-08-21T21:08:02","date_gmt":"2012-08-21T18:08:02","guid":{"rendered":"http:\/\/mielitty.com\/blogi\/?p=2056"},"modified":"2012-08-25T11:45:16","modified_gmt":"2012-08-25T08:45:16","slug":"mainostauko","status":"publish","type":"post","link":"https:\/\/mielitty.com\/blogi\/2012\/08\/21\/mainostauko\/","title":{"rendered":"Mainostauko"},"content":{"rendered":"<p><strong>Silm\u00e4, pisto, tikki, takki \u00a0eli\u00a0<\/strong><strong>Keitti\u00f6nper\u00e4yritt\u00e4jien k\u00e4sity\u00f6tarvikemarkkinat aloittavat taas uuden k\u00e4sity\u00f6syksyn!<\/strong><\/p>\n<p>Milloin: La-su 8.-9.9.2012 kello 10:00 \u2013 17:00<\/p>\n<p>Miss\u00e4: Tieteiden talo, Kirkkokatu 6, Kruununhaka, 00170 Helsinki<\/p>\n<p><strong>Vapaa p\u00e4\u00e4sy!<\/strong><\/p>\n<p><a href=\"https:\/\/mielitty.com\/blogi\/wp-content\/uploads\/2012\/08\/langat_web.jpg\" data-lightbox=\"gal[2056]\"><img loading=\"lazy\" decoding=\"async\" class=\"alignnone size-full wp-image-2057\" title=\"Lankoja\" src=\"https:\/\/mielitty.com\/blogi\/wp-content\/uploads\/2012\/08\/langat_web.jpg\" alt=\"\" width=\"470\" height=\"353\" srcset=\"https:\/\/mielitty.com\/blogi\/wp-content\/uploads\/2012\/08\/langat_web.jpg 470w, https:\/\/mielitty.com\/blogi\/wp-content\/uploads\/2012\/08\/langat_web-300x225.jpg 300w\" sizes=\"auto, (max-width: 470px) 100vw, 470px\" \/><\/a><\/p>\n<p>Suositut K\u00e4sity\u00f6tarvikemarkkinat j\u00e4rjestettiin ensimm\u00e4ist\u00e4 kertaa vuosi sitten, sen j\u00e4lkeen ne ovat saaneet jatkoa joulunajan markkinoista ja ovatpa ne matkanneet Jyv\u00e4skyl\u00e4\u00e4nkin. Min\u00e4 en ole ehtinyt osallistua kuin viime syksyn tapahtumaan, mutta olin todella vaikuttunut tapahtuman hyv\u00e4st\u00e4 tunnelmasta.<\/p>\n<p>Markkinat j\u00e4rjest\u00e4\u00e4 iloinen ja aktiivinen pienyritt\u00e4jien joukko, jonka tavoitteena on j\u00e4rjest\u00e4\u00e4 vuosittain tapahtumia, joissa aloittelevatkin k\u00e4sity\u00f6alan yritt\u00e4j\u00e4t saavat tuotteensa esiin ilman kohtuuttomia kustannuksia.\u00a0Myynniss\u00e4 on mm. k\u00e4sinv\u00e4rj\u00e4ttyj\u00e4 ja kasviv\u00e4rj\u00e4ttyj\u00e4 neulelankoja, kehr\u00e4yskuituja, neulojan ja kehr\u00e4\u00e4j\u00e4n apuv\u00e4lineit\u00e4, kankaita, nappeja, koruja, laukkuja, askartelumassatarvikkeita, tarvikepaketteja, second hand -lankoja ja kankaita \u00a0ja paljon muuta. Joukossa on paljon tuotteita, jotka eiv\u00e4t ole myynniss\u00e4 muualla kuin k\u00e4sity\u00f6alan pientapahtumissa.<\/p>\n<p>Minun p\u00f6yd\u00e4st\u00e4ni l\u00f6ytyy Pitsit\u00e4r-rintarosseja ja kuvapinnej\u00e4, neuleasusteita, k\u00e4sity\u00f6s\u00e4ilyttimi\u00e4 ja k\u00e4sinv\u00e4rj\u00e4tty\u00e4 lankaa. Lauantaina p\u00f6yd\u00e4st\u00e4 saattaa l\u00f6yty\u00e4 my\u00f6s vintage-nappeja ja pitsej\u00e4.<\/p>\n<p><a href=\"https:\/\/mielitty.com\/blogi\/wp-content\/uploads\/2012\/08\/pitsirossit_web1.jpg\" data-lightbox=\"gal[2056]\"><img loading=\"lazy\" decoding=\"async\" class=\"alignnone size-full wp-image-2060\" title=\"Pitsirosseja, syksy 2012\" src=\"https:\/\/mielitty.com\/blogi\/wp-content\/uploads\/2012\/08\/pitsirossit_web1.jpg\" alt=\"\" width=\"470\" height=\"627\" srcset=\"https:\/\/mielitty.com\/blogi\/wp-content\/uploads\/2012\/08\/pitsirossit_web1.jpg 470w, https:\/\/mielitty.com\/blogi\/wp-content\/uploads\/2012\/08\/pitsirossit_web1-224x300.jpg 224w\" sizes=\"auto, (max-width: 470px) 100vw, 470px\" \/><\/a><\/p>\n<p>K\u00e4sity\u00f6alan pienyritt\u00e4jien markkinat on my\u00f6s tapaamispaikka k\u00e4dentaidoista ja k\u00e4sit\u00f6ist\u00e4 kiinnostuneille. Markkinoille voi tulla jututtamaan myyji\u00e4 ja k\u00e4sity\u00f6l\u00e4isi\u00e4 ja viett\u00e4m\u00e4\u00e4n vaikka koko viikonlopun samanmielisten ihmisten seurassa! K\u00e4vij\u00f6it\u00e4 palvelee Tiedekahvila, joka muuntautuu viikonlopuksi Neulekahvilaksi.<\/p>\n<p style=\"text-align: justify;\"><strong>Mukana ovat:\u00a0<\/strong><a href=\"http:\/\/www.handu.fi\">Handu<\/a>,\u00a0<a href=\"http:\/\/www.hippakorut.com\">Hippakorut<\/a>,\u00a0<a href=\"http:\/\/www.askartelumassat.com\">Ihan kiva kauppa<\/a>, <a href=\"http:\/\/meeri.etsy.com\">Johanna Koski<\/a>,\u00a0<a href=\"http:\/\/www.kirjavakera.fi \">Kirjava ker\u00e4<\/a>,\u00a0<a href=\"http:\/\/www.lanitiumexmachina.etsy.com\">Lanitium ex Machina<\/a>,\u00a0<a href=\"http:\/\/www.mielitty.com\">Mielitty<\/a>,\u00a0<a href=\"http:\/\/www.peikonpoika.fi\">Peikonpoika<\/a>,\u00a0<a href=\"http:\/\/www.pionijaparakiitti.fi\">Pioni ja Parakiitti<\/a>,\u00a0<a href=\"http:\/\/www.puputsinpuoti.com \">Puputsin puoti<\/a>,\u00a0<a href=\"http:\/\/www.riihivilla.com\">Riihivilla<\/a>,\u00a0<a href=\"http:\/\/www.villavyyhti.fi\">Villavyyhti<\/a>.<\/p>\n<p><img loading=\"lazy\" decoding=\"async\" class=\"alignnone size-full wp-image-2059\" title=\"Kaulurit sivusta\" src=\"https:\/\/mielitty.com\/blogi\/wp-content\/uploads\/2012\/08\/kauluritsivusta_web.jpg\" alt=\"\" width=\"470\" height=\"607\" srcset=\"https:\/\/mielitty.com\/blogi\/wp-content\/uploads\/2012\/08\/kauluritsivusta_web.jpg 470w, https:\/\/mielitty.com\/blogi\/wp-content\/uploads\/2012\/08\/kauluritsivusta_web-232x300.jpg 232w\" sizes=\"auto, (max-width: 470px) 100vw, 470px\" \/><\/p>\n","protected":false},"excerpt":{"rendered":"<p>Silm\u00e4, pisto, tikki, takki \u00a0eli\u00a0Keitti\u00f6nper\u00e4yritt\u00e4jien k\u00e4sity\u00f6tarvikemarkkinat aloittavat taas uuden k\u00e4sity\u00f6syksyn! Milloin: La-su 8.-9.9.2012 kello 10:00 \u2013 17:00 Miss\u00e4: Tieteiden talo, Kirkkokatu 6, Kruununhaka, 00170 Helsinki Vapaa p\u00e4\u00e4sy! Suositut K\u00e4sity\u00f6tarvikemarkkinat j\u00e4rjestettiin ensimm\u00e4ist\u00e4 kertaa vuosi sitten, sen j\u00e4lkeen ne ovat saaneet jatkoa joulunajan markkinoista ja ovatpa ne matkanneet Jyv\u00e4skyl\u00e4\u00e4nkin. Min\u00e4 en ole ehtinyt osallistua kuin viime syksyn [&hellip;]<\/p>\n","protected":false},"author":2,"featured_media":0,"comment_status":"open","ping_status":"open","sticky":false,"template":"","format":"standard","meta":{"footnotes":""},"categories":[40,48],"tags":[],"class_list":["post-2056","post","type-post","status-publish","format-standard","hentry","category-helsinki","category-minamina-2"],"_links":{"self":[{"href":"https:\/\/mielitty.com\/blogi\/wp-json\/wp\/v2\/posts\/2056","targetHints":{"allow":["GET"]}}],"collection":[{"href":"https:\/\/mielitty.com\/blogi\/wp-json\/wp\/v2\/posts"}],"about":[{"href":"https:\/\/mielitty.com\/blogi\/wp-json\/wp\/v2\/types\/post"}],"author":[{"embeddable":true,"href":"https:\/\/mielitty.com\/blogi\/wp-json\/wp\/v2\/users\/2"}],"replies":[{"embeddable":true,"href":"https:\/\/mielitty.com\/blogi\/wp-json\/wp\/v2\/comments?post=2056"}],"version-history":[{"count":0,"href":"https:\/\/mielitty.com\/blogi\/wp-json\/wp\/v2\/posts\/2056\/revisions"}],"wp:attachment":[{"href":"https:\/\/mielitty.com\/blogi\/wp-json\/wp\/v2\/media?parent=2056"}],"wp:term":[{"taxonomy":"category","embeddable":true,"href":"https:\/\/mielitty.com\/blogi\/wp-json\/wp\/v2\/categories?post=2056"},{"taxonomy":"post_tag","embeddable":true,"href":"https:\/\/mielitty.com\/blogi\/wp-json\/wp\/v2\/tags?post=2056"}],"curies":[{"name":"wp","href":"https:\/\/api.w.org\/{rel}","templated":true}]}}