{"id":2571,"date":"2015-08-22T13:57:27","date_gmt":"2015-08-22T10:57:27","guid":{"rendered":"http:\/\/mielitty.com\/blogi\/?p=2571"},"modified":"2016-03-13T15:42:50","modified_gmt":"2016-03-13T13:42:50","slug":"viskia-ja-villaa-matkakertomus-osa-1","status":"publish","type":"post","link":"https:\/\/mielitty.com\/blogi\/2015\/08\/22\/viskia-ja-villaa-matkakertomus-osa-1\/","title":{"rendered":"Viski\u00e4 ja villaa -matkakertomus, osa 1: Pitk\u00e4\u00e4n suunniteltu reissu alkaa"},"content":{"rendered":"<p><a href=\"https:\/\/mielitty.com\/blogi\/wp-content\/uploads\/2015\/08\/ohdake_w.jpg\" data-lightbox=\"gal[2571]\"><img loading=\"lazy\" decoding=\"async\" class=\"aligncenter size-full wp-image-2689\" src=\"https:\/\/mielitty.com\/blogi\/wp-content\/uploads\/2015\/08\/ohdake_w.jpg\" alt=\"ohdake_w\" width=\"1000\" height=\"750\" srcset=\"https:\/\/mielitty.com\/blogi\/wp-content\/uploads\/2015\/08\/ohdake_w.jpg 1000w, https:\/\/mielitty.com\/blogi\/wp-content\/uploads\/2015\/08\/ohdake_w-300x225.jpg 300w, https:\/\/mielitty.com\/blogi\/wp-content\/uploads\/2015\/08\/ohdake_w-470x353.jpg 470w, https:\/\/mielitty.com\/blogi\/wp-content\/uploads\/2015\/08\/ohdake_w-220x165.jpg 220w\" sizes=\"auto, (max-width: 1000px) 100vw, 1000px\" \/><\/a><\/p>\n<p>&nbsp;<\/p>\n<p>No niin, nyt p\u00e4\u00e4sen vihdoin alkuun Skotlanti-raporttien kanssa! Ainakin osalle blogini seuraajista taitaa selv\u00e4\u00e4, ett\u00e4 vietimme kes\u00e4kuussa kaksi viikkoa kes\u00e4lomasta kiert\u00e4en Skotlantia.\u00a0<a href=\"https:\/\/instagram.com\/mielitty\/\">Instagramissa<\/a>\u00a0raportoin reissusta melkein liven\u00e4, kunhan wifin \u00e4\u00e4rell\u00e4 olimme. <a href=\"https:\/\/instagram.com\/explore\/tags\/viski%C3%A4javillaa\/\">#viski\u00e4javillaa<\/a> -t\u00e4gill\u00e4 l\u00f6ytyy aikamoinen m\u00e4\u00e4r\u00e4 kuvia, jos haluat katsoa.<\/p>\n<p>Matka oli pitk\u00e4\u00e4n ja hartaasti suunniteltu ja matkakassaakin s\u00e4\u00e4stimme puolitoista vuotta. Ideoimme pitk\u00e4\u00e4n mieheni kanssa mit\u00e4 oikeastaan Yl\u00e4maalla ja saarilla haluaisimme n\u00e4hd\u00e4. T\u00e4m\u00e4 reissun teemana olivat Hebridien saaret, Skotlannin rikas tekstiiliteollisuus ja l\u00e4nsirannikon sek\u00e4 saarten erinomaiset viskit. T\u00e4ll\u00e4 kertaa siis rajasimme it\u00e4rannikon ja it\u00e4iset saaret (Shetland ja Orkney) pois aikataulullisista syist\u00e4 ja Speysiden viskit j\u00e4iv\u00e4t melkein huomiotta, vaikka Speyll\u00e4 k\u00e4vimmekin.\u00a0\u00a0Suunnittelimme matkareittimme etuk\u00e4teen ja erikoisemmista paikoista varasimme y\u00f6pymispaikat jo puolisen vuotta ennen matkaa, koska saarilla majoituspaikkoja on todella v\u00e4h\u00e4n ja kes\u00e4kauden paikat mev\u00e4t t\u00e4yteen jo aikaisin kev\u00e4\u00e4ll\u00e4.<\/p>\n<p><strong>Loppujen lopuksi matkareittimme oli:<\/strong>\u00a0Edinburgh &#8211; Elgin &#8211; Lochinver &#8211; Stornoway (Lewisin saari) &#8211; Leverburgh (Harrisin saari) &#8211; Portree (Skyen saari) &#8211; Port Appin &#8211; Bowmore (Islayn saari) &#8211; Kilmartin &#8211; Edinburgh.\u00a0Lensimme Helsingist\u00e4 Edinburghiin Amsterdamin kautta. Niin reissun alussa kuin lopussakin vietimme kaksi p\u00e4iv\u00e4\u00e4 Edinburghissa.<\/p>\n<p>Miten kuvailla matkaa ja kaikkea kokemaamme lyhyesti? Ihastuin Skotlannissa Skotlantiin yh\u00e4 enemm\u00e4n. Matkan aikana tapaamamme ihmiset olivat mukavia ja puheliaita. Maisemat olivat kauniita l\u00e4pi koko reissun\u00a0ja\u00a0v\u00e4lill\u00e4 luonnon kauneus oli henke\u00e4salpaavaa. En ole luontoihminen, vaan viihdyn parhaiten kaupungeissa, mutta Skotlannissa Yl\u00e4maalla ja saarilla oli niin uskomattoman kaunista, ett\u00e4 v\u00e4lill\u00e4 melkein pakahduin. Ehk\u00e4 kauneus johtui valosta ja v\u00e4reist\u00e4? Siin\u00e4 miss\u00e4 Suomessa valo on kylm\u00e4\u00e4 ja Etel\u00e4-Ranskassa\u00a0l\u00e4mmint\u00e4, Yl\u00e4maalla ja Hebrideill\u00e4 valo on kuulasta, mutta v\u00e4rit ovat silti voimakkaita.\u00a0Kliseisesti pit\u00e4\u00e4 tietenkin todeta, ett\u00e4 mitk\u00e4\u00e4n kuvat eiv\u00e4t tee oikeutta sille, milt\u00e4 kaikki oikeasti\u00a0n\u00e4ytti.<\/p>\n<p>Mit\u00e4 opin matkalla? En ollut aikaisemmin k\u00e4ynyt Brittein saarilla, joten monet asiat olivat uusia minulle. Ainakin opin sen, ett\u00e4 melkein jokaisessa pieness\u00e4 kyl\u00e4ss\u00e4 ja niiden v\u00e4lill\u00e4kin on jotain katsottavaa: jollei kauniita maisemia, niin sitten muinaismuistoja tai kauniita siltoja. Miehen lent\u00e4v\u00e4ksi lauseeksi tulikin &#8220;Oi, miten kaunis silta!&#8221;, koska kauniita vanhoja kaarisiltoja oli tuon tuostakin\u00a0(v\u00e4h\u00e4n samalla tavalla kuin Etel\u00e4-Ranskassa on linnoja, mutta se onkin sitten eri tarina). Ihastuin Real Ale -olueen. Opin paljon Skotlannin tekstiilikulttuurista ja tajusin, ett\u00e4 haluan oppia viel\u00e4 paljon lis\u00e4\u00e4. Tutustuin my\u00f6s entist\u00e4 paremmin Skotlannin viskeihin opin erottamaan makuja ja l\u00f6ysin viskin, jota voisin juoda loppuel\u00e4m\u00e4ni (mutta tottakai juuri tuota viski\u00e4 on hyvin rajoitettu er\u00e4).<\/p>\n<p>Se viski on muuten t\u00e4m\u00e4:<\/p>\n<blockquote class=\"instagram-media\" style=\"background: #FFF; border: 0; border-radius: 3px; box-shadow: 0 0 1px 0 rgba(0,0,0,0.5),0 1px 10px 0 rgba(0,0,0,0.15); margin: 1px; max-width: 658px; padding: 0; width: calc(100% - 2px);\" data-instgrm-version=\"4\">\n<div style=\"padding: 8px;\">\n<div style=\"background: #F8F8F8; line-height: 0; margin-top: 40px; padding: 50% 0; text-align: center; width: 100%;\"><\/div>\n<p style=\"color: #c9c8cd; font-family: Arial,sans-serif; font-size: 14px; line-height: 17px; margin-bottom: 0; margin-top: 8px; overflow: hidden; padding: 8px 0 7px; text-align: center; text-overflow: ellipsis; white-space: nowrap;\"><a style=\"color: #c9c8cd; font-family: Arial,sans-serif; font-size: 14px; font-style: normal; font-weight: normal; line-height: 17px; text-decoration: none;\" href=\"https:\/\/instagram.com\/p\/4WMQf8uhTh\/\" target=\"_top\">A photo posted by Elina Urmas (@mielitty)<\/a> on <time style=\"font-family: Arial,sans-serif; font-size: 14px; line-height: 17px;\" datetime=\"2015-06-25T09:15:30+00:00\">Jun 25, 2015 at 2:15am PDT<\/time><\/p>\n<\/div>\n<\/blockquote>\n<p><script src=\"\/\/platform.instagram.com\/en_US\/embeds.js\" async=\"\" defer=\"defer\"><\/script><\/p>\n<p>&nbsp;<\/p>\n<p>&nbsp;<\/p>\n<p><strong>Matka Skotlannissa alkoi Edinburghista ja p\u00e4\u00e4ttyi Edinburghiin<\/strong><\/p>\n<p>P\u00e4\u00e4timme etuk\u00e4teen, ett\u00e4 niin reissun alussa kuin lopussakinon hyv\u00e4 lomailla kaupungissa,\u00a0harrastaa kaupunkikulttuuria, toisin sanoen vain hengailla, ihmetell\u00e4 ja katsella ymp\u00e4rilleen. Edinburgh osoittautui kauniiksi, kompaktiksi, siistiksi ja sivistyneeksi kaupungiksi, kuten kaikki etuk\u00e4teen olivat sanoneetkin. Mit\u00e4\u00e4n hillit\u00f6nt\u00e4 vau-el\u00e4myst\u00e4 en kuitenkaan kaupungista saanut. Seuraavalla Skotlannin reissulla (joo, se on jo suunnitteluasteella, toteutus saa odottaa ehk\u00e4 viisi vuotta) haluan lent\u00e4\u00e4 Glasgowhun.<\/p>\n<p>Edinburghin keskustaan p\u00e4\u00e4see lentoasemalta tosi k\u00e4tev\u00e4sti raitiovaunulla. Asuinpaikaksi suosittelen New Townin aluetta tai Haymarketia.\u00a0Y\u00f6vyimme matkan alussa kaksi y\u00f6t\u00e4 New Townin alueella huonemajoituksessa. Alueen keskiosa on ehk\u00e4 v\u00e4h\u00e4n tyls\u00e4, mutta \u00a0Broughton Streetin alue on mukavaa pikkukauppoineen, pubeineen ja kahviloineen. Sill\u00e4 kadulla sijaitsee my\u00f6s lankakauppa\u00a0<a href=\"http:\/\/www.kathysknits.co.uk\/\">Kathy&#8217;s Knits<\/a>. Haymarketin alueella on paljon hyvi\u00e4 ja viihtyisi\u00e4 pubeja. Matkan lopussa y\u00f6vyimme\u00a0<a href=\"http:\/\/www.tunehotels.com\/my\/en\/our-hotels\/haymarket-edinburgh\">Tune Hotel<\/a>issa, joka sijaitsee vastap\u00e4\u00e4t\u00e4 Haymarketin asemaa ja on budjettimatkustajalle, joka kuitenkin haluaa oman kylpp\u00e4rin, hyv\u00e4 valinta. Sijainti on mahtava!<\/p>\n<p>&nbsp;<\/p>\n<p><a href=\"https:\/\/mielitty.com\/blogi\/wp-content\/uploads\/2015\/08\/ed_w.jpg\" data-lightbox=\"gal[2571]\"><img loading=\"lazy\" decoding=\"async\" class=\"aligncenter wp-image-2691 size-full\" src=\"https:\/\/mielitty.com\/blogi\/wp-content\/uploads\/2015\/08\/ed_w.jpg\" alt=\"N\u00e4kym\u00e4 Old Towniin p\u00e4in\" width=\"1000\" height=\"359\" srcset=\"https:\/\/mielitty.com\/blogi\/wp-content\/uploads\/2015\/08\/ed_w.jpg 1000w, https:\/\/mielitty.com\/blogi\/wp-content\/uploads\/2015\/08\/ed_w-300x108.jpg 300w, https:\/\/mielitty.com\/blogi\/wp-content\/uploads\/2015\/08\/ed_w-470x169.jpg 470w\" sizes=\"auto, (max-width: 1000px) 100vw, 1000px\" \/><\/a><\/p>\n<p>&nbsp;<\/p>\n<p>Kaikissa matkaoppaissa mainitaan Vanhakaupunki (Old Town) ja Royal Mile. Ja kyll\u00e4h\u00e4n siell\u00e4 puolella kaupunkiakin kannattaa k\u00e4yd\u00e4, vaikka Royal Mile on v\u00e4h\u00e4n huivipuistomainen turistilaumoineen, matkamuistomyym\u00e4l\u00f6ineeen ja ja s\u00e4kkipillinsoittajineen. Toisaalta siell\u00e4 sijaitsevat\u00a0my\u00f6s kalliita putiikkeja, joissa myyd\u00e4\u00e4n Skotlannissa valmistettuja kashmirvaatteita (suurin osa kashmirvaatteistakin on toki Kaukoid\u00e4ss\u00e4 valmistettuja). Jos vaateshoppailua harrastaa, niin ketjuvaateliikkeet sijaitsevat New Townin puolella.<\/p>\n<p>Royal Milell\u00e4 sijaitsee my\u00f6s\u00a0<a href=\"http:\/\/www.scotchwhiskyexperience.co.uk\/\">The Scotch Whisky Experience<\/a>, jossa viskinyst\u00e4v\u00e4n kannattaa vierailla. Jollei halua osallistua viihdytt\u00e4v\u00e4lle Miten viski valmistetaan -kierrokselle, niin kannattaa piipahtaa ainakin kaupassa ja yl\u00e4kerran baarissa. K\u00e4vimme itseasiassa tuolla vasta viimeisen\u00e4 reissup\u00e4iv\u00e4n\u00e4 ja olisi ollut ihan k\u00e4tev\u00e4\u00e4 k\u00e4yd\u00e4 siell\u00e4 kaikista ensimm\u00e4iseksi. Toisaalta, nyt osasin valikoida itselleni Caol Ila -viskin, joka osoittautui parhaaksi viskiksi, jota olen ikin\u00e4 juonut.<\/p>\n<p>Meill\u00e4 oli reissun ensimm\u00e4isell\u00e4 viikolla mahtava tuuri ilmojen suhteen. Oli aurinkoista ja l\u00e4mmint\u00e4, ei yht\u00e4\u00e4n sellaista mit\u00e4 odotimme. Paikalliset totesivatkin, ett\u00e4 kes\u00e4 alkoi p\u00e4iv\u00e4n\u00e4, jolloin Skotlantiin\u00a0saavuimme. Pystyimme siis nauttimaan Edinburghin kauniista puistoista. Kiipesimme <a href=\"https:\/\/en.wikipedia.org\/wiki\/Calton_Hill\">Calton Hill<\/a>ille, josta\u00a0n\u00e4kyi koko kaupunki ja s\u00f6imme lounasta <a href=\"https:\/\/en.wikipedia.org\/wiki\/Princes_Street_Gardens\">Princes Streetin vieress\u00e4 olevassa upeassa puistossa<\/a>. Kuten allaolevasta kuvasta n\u00e4kyy, Edinburghissa on sama ilmi\u00f6 kuin Helsingiss\u00e4: heti kun on l\u00e4mmint\u00e4 ja aurinkoista, ihmiset rynniv\u00e4t puistoon oleskelemaan.<\/p>\n<p><a href=\"https:\/\/mielitty.com\/blogi\/wp-content\/uploads\/2015\/08\/ed-castle_w.jpg\"><br \/>\n<\/a><a href=\"https:\/\/mielitty.com\/blogi\/wp-content\/uploads\/2015\/08\/princes-street-w.jpg\" data-lightbox=\"gal[2571]\"><img loading=\"lazy\" decoding=\"async\" class=\"aligncenter size-full wp-image-2692\" src=\"https:\/\/mielitty.com\/blogi\/wp-content\/uploads\/2015\/08\/princes-street-w.jpg\" alt=\"princes street w\" width=\"1000\" height=\"750\" srcset=\"https:\/\/mielitty.com\/blogi\/wp-content\/uploads\/2015\/08\/princes-street-w.jpg 1000w, https:\/\/mielitty.com\/blogi\/wp-content\/uploads\/2015\/08\/princes-street-w-300x225.jpg 300w, https:\/\/mielitty.com\/blogi\/wp-content\/uploads\/2015\/08\/princes-street-w-470x353.jpg 470w, https:\/\/mielitty.com\/blogi\/wp-content\/uploads\/2015\/08\/princes-street-w-220x165.jpg 220w\" sizes=\"auto, (max-width: 1000px) 100vw, 1000px\" \/><\/a><\/p>\n<h3><\/h3>\n<p>&nbsp;<\/p>\n<p><strong>Yl\u00e4maalle!<\/strong><\/p>\n<p>Kolmantena matkap\u00e4iv\u00e4n\u00e4 l\u00e4hdimme Edinburghista ajamaan Yl\u00e4maalle p\u00e4in. Olimme etuk\u00e4teen vuokranneet auton ja se tosiaan kannattaa tehd\u00e4 turistisesonkina (kes\u00e4-elokuu). T\u00e4ytyy my\u00f6nt\u00e4\u00e4, ett\u00e4 kartanlukijallekin pari ensimm\u00e4ist\u00e4 tuntia &#8220;v\u00e4\u00e4r\u00e4npuoleisessa&#8221; liikenteess\u00e4 olivat aika stressaavia.<\/p>\n<p>Ajoimme motaria (M90) Perthiin saakka siit\u00e4 suuntasimme pikkuteille, jotka meniv\u00e4t <a href=\"https:\/\/en.wikipedia.org\/wiki\/Elgin,_Moray\">Elginiin<\/a> p\u00e4in. Emme halunneet ajaa isoja teit\u00e4, vaan enemm\u00e4nkin fiilistell\u00e4. Ja hyv\u00e4 niin, koska n\u00e4kym\u00e4t tiell\u00e4\u00a0kansallispuiston l\u00e4pi olivat mykist\u00e4vi\u00e4.<\/p>\n<p>&nbsp;<\/p>\n<p><a href=\"https:\/\/mielitty.com\/blogi\/wp-content\/uploads\/2015\/08\/skotlanti-2015-3.jpg\" data-lightbox=\"gal[2571]\"><img loading=\"lazy\" decoding=\"async\" class=\"aligncenter wp-image-2647 size-full\" src=\"https:\/\/mielitty.com\/blogi\/wp-content\/uploads\/2015\/08\/skotlanti-2015-3.jpg\" alt=\"\" width=\"1000\" height=\"667\" srcset=\"https:\/\/mielitty.com\/blogi\/wp-content\/uploads\/2015\/08\/skotlanti-2015-3.jpg 1000w, https:\/\/mielitty.com\/blogi\/wp-content\/uploads\/2015\/08\/skotlanti-2015-3-300x200.jpg 300w, https:\/\/mielitty.com\/blogi\/wp-content\/uploads\/2015\/08\/skotlanti-2015-3-470x313.jpg 470w\" sizes=\"auto, (max-width: 1000px) 100vw, 1000px\" \/><\/a><\/p>\n<p>&nbsp;<\/p>\n<p><a href=\"https:\/\/mielitty.com\/blogi\/wp-content\/uploads\/2015\/08\/skotlanti-2015-5.jpg\" data-lightbox=\"gal[2571]\"><img loading=\"lazy\" decoding=\"async\" class=\"aligncenter wp-image-2648 size-full\" src=\"https:\/\/mielitty.com\/blogi\/wp-content\/uploads\/2015\/08\/skotlanti-2015-5.jpg\" alt=\"\" width=\"1000\" height=\"667\" srcset=\"https:\/\/mielitty.com\/blogi\/wp-content\/uploads\/2015\/08\/skotlanti-2015-5.jpg 1000w, https:\/\/mielitty.com\/blogi\/wp-content\/uploads\/2015\/08\/skotlanti-2015-5-300x200.jpg 300w, https:\/\/mielitty.com\/blogi\/wp-content\/uploads\/2015\/08\/skotlanti-2015-5-470x313.jpg 470w\" sizes=\"auto, (max-width: 1000px) 100vw, 1000px\" \/><\/a><\/p>\n<p>&nbsp;<\/p>\n<p><a href=\"https:\/\/mielitty.com\/blogi\/wp-content\/uploads\/2015\/08\/skotlanti-2015-8.jpg\" data-lightbox=\"gal[2571]\"><img loading=\"lazy\" decoding=\"async\" class=\"aligncenter wp-image-2650 size-full\" src=\"https:\/\/mielitty.com\/blogi\/wp-content\/uploads\/2015\/08\/skotlanti-2015-8.jpg\" alt=\"\" width=\"1000\" height=\"667\" srcset=\"https:\/\/mielitty.com\/blogi\/wp-content\/uploads\/2015\/08\/skotlanti-2015-8.jpg 1000w, https:\/\/mielitty.com\/blogi\/wp-content\/uploads\/2015\/08\/skotlanti-2015-8-300x200.jpg 300w, https:\/\/mielitty.com\/blogi\/wp-content\/uploads\/2015\/08\/skotlanti-2015-8-470x313.jpg 470w\" sizes=\"auto, (max-width: 1000px) 100vw, 1000px\" \/><\/a><\/p>\n<p>&nbsp;<\/p>\n<p><a href=\"https:\/\/mielitty.com\/blogi\/wp-content\/uploads\/2015\/08\/skotlanti-2015-7.jpg\" data-lightbox=\"gal[2571]\"><img loading=\"lazy\" decoding=\"async\" class=\"aligncenter wp-image-2649 size-full\" src=\"https:\/\/mielitty.com\/blogi\/wp-content\/uploads\/2015\/08\/skotlanti-2015-7.jpg\" alt=\"\" width=\"1000\" height=\"667\" srcset=\"https:\/\/mielitty.com\/blogi\/wp-content\/uploads\/2015\/08\/skotlanti-2015-7.jpg 1000w, https:\/\/mielitty.com\/blogi\/wp-content\/uploads\/2015\/08\/skotlanti-2015-7-300x200.jpg 300w, https:\/\/mielitty.com\/blogi\/wp-content\/uploads\/2015\/08\/skotlanti-2015-7-470x313.jpg 470w\" sizes=\"auto, (max-width: 1000px) 100vw, 1000px\" \/><\/a><\/p>\n<p>&nbsp;<\/p>\n<p>Ennen Elgini\u00e4 piti pys\u00e4hty\u00e4 kuvaamaan reissun ensimm\u00e4iset lammaskuvat. T\u00e4m\u00e4n j\u00e4lkeen lampaita tuli kuvattua viel\u00e4 moooonta kertaa.<\/p>\n<p><a href=\"https:\/\/mielitty.com\/blogi\/wp-content\/uploads\/2015\/08\/skotlanti-2015-13.jpg\" data-lightbox=\"gal[2571]\"><img loading=\"lazy\" decoding=\"async\" class=\"aligncenter wp-image-2653 size-full\" src=\"https:\/\/mielitty.com\/blogi\/wp-content\/uploads\/2015\/08\/skotlanti-2015-13.jpg\" alt=\"\" width=\"1000\" height=\"667\" srcset=\"https:\/\/mielitty.com\/blogi\/wp-content\/uploads\/2015\/08\/skotlanti-2015-13.jpg 1000w, https:\/\/mielitty.com\/blogi\/wp-content\/uploads\/2015\/08\/skotlanti-2015-13-300x200.jpg 300w, https:\/\/mielitty.com\/blogi\/wp-content\/uploads\/2015\/08\/skotlanti-2015-13-470x313.jpg 470w\" sizes=\"auto, (max-width: 1000px) 100vw, 1000px\" \/><\/a><\/p>\n<p>&nbsp;<\/p>\n<p>En muista, miksi p\u00e4\u00e4dyimme suunnitelmissamme suuntaamaan Elginiin. Alunperin, joskus vuosi sitten, ajatuksena oli varmaankin tutustua Speysiden viskikulttuuriin, mutta aikataulullisista syist\u00e4 vierailimme vain yhdess\u00e4 tislaamossa ja j\u00e4timme suosiolla loput toiseen kertaan.\u00a0Matkalla Elginiin oli yksi &#8220;pakko p\u00e4\u00e4st\u00e4&#8221; -kohteistani eli\u00a0<a href=\"http:\/\/www.knockandowoolmill.org.uk\/\">Knockando Woollen Mill<\/a> -kutomo. Spey-jokilaakson vihreyteen vuonna 1784 perustettu kutomo on toimii edelleen museokutomona (Knockandosta lis\u00e4\u00e4 erillisess\u00e4 postauksessa).<\/p>\n<p>&nbsp;<\/p>\n<p>&nbsp;<\/p>\n<p><a href=\"https:\/\/mielitty.com\/blogi\/wp-content\/uploads\/2015\/08\/skotlanti-2015-46.jpg\" data-lightbox=\"gal[2571]\"><img loading=\"lazy\" decoding=\"async\" class=\"aligncenter size-full wp-image-2687\" src=\"https:\/\/mielitty.com\/blogi\/wp-content\/uploads\/2015\/08\/skotlanti-2015-46.jpg\" alt=\"\" width=\"1000\" height=\"666\" srcset=\"https:\/\/mielitty.com\/blogi\/wp-content\/uploads\/2015\/08\/skotlanti-2015-46.jpg 1000w, https:\/\/mielitty.com\/blogi\/wp-content\/uploads\/2015\/08\/skotlanti-2015-46-300x200.jpg 300w, https:\/\/mielitty.com\/blogi\/wp-content\/uploads\/2015\/08\/skotlanti-2015-46-470x313.jpg 470w\" sizes=\"auto, (max-width: 1000px) 100vw, 1000px\" \/><\/a><\/p>\n<p>&nbsp;<\/p>\n<p>Elgin on pienehk\u00f6 teollisuuskaupunki, joka ei ole erityisell\u00e4 viihtyisyydell\u00e4\u00a0pilattu, mutta tyk\u00e4styin kaupunkiin joka tapauksessa jo etuk\u00e4teen. Kaupungissa sijaitsee luksusvaatemerkin\u00a0<a href=\"http:\/\/www.johnstonscashmere.com\/eu\/\">Johnstons of Elgin<\/a>in kutomo, joka on aloittanut toimintansa jo 1700-luvulla (kerron Johnstonsista lis\u00e4\u00e4 my\u00f6hemm\u00e4ss\u00e4 erillisess\u00e4 tekstiilipostauksessa). Kutomon lis\u00e4ksi merkitt\u00e4vin asia Elginiss\u00e4 taitaa olla <a href=\"https:\/\/en.wikipedia.org\/wiki\/Elgin_Cathedral\">katedraalin raunio<\/a>, mutta min\u00e4 pid\u00e4n kiinnostavampana kohteena kivaa pubia\u00a0<a href=\"http:\/\/thedrouthycobbler.co.uk\/\">The Doughty Cobble<\/a>a, jossa on paljon viskej\u00e4, paikallisia oluita ja mainio henkil\u00f6kunta.<\/p>\n<p>&nbsp;<\/p>\n<p><a href=\"https:\/\/mielitty.com\/blogi\/wp-content\/uploads\/2015\/08\/skotlanti-2015-36.jpg\" data-lightbox=\"gal[2571]\"><img loading=\"lazy\" decoding=\"async\" class=\"aligncenter size-full wp-image-2694\" src=\"https:\/\/mielitty.com\/blogi\/wp-content\/uploads\/2015\/08\/skotlanti-2015-36.jpg\" alt=\"\" width=\"1000\" height=\"667\" srcset=\"https:\/\/mielitty.com\/blogi\/wp-content\/uploads\/2015\/08\/skotlanti-2015-36.jpg 1000w, https:\/\/mielitty.com\/blogi\/wp-content\/uploads\/2015\/08\/skotlanti-2015-36-300x200.jpg 300w, https:\/\/mielitty.com\/blogi\/wp-content\/uploads\/2015\/08\/skotlanti-2015-36-470x313.jpg 470w\" sizes=\"auto, (max-width: 1000px) 100vw, 1000px\" \/><\/a><\/p>\n<p>&nbsp;<\/p>\n<p><a href=\"https:\/\/mielitty.com\/blogi\/wp-content\/uploads\/2015\/08\/skotlanti-2015-42.jpg\" data-lightbox=\"gal[2571]\"><img loading=\"lazy\" decoding=\"async\" class=\"aligncenter wp-image-2683 size-full\" src=\"https:\/\/mielitty.com\/blogi\/wp-content\/uploads\/2015\/08\/skotlanti-2015-42.jpg\" alt=\"\" width=\"1000\" height=\"667\" srcset=\"https:\/\/mielitty.com\/blogi\/wp-content\/uploads\/2015\/08\/skotlanti-2015-42.jpg 1000w, https:\/\/mielitty.com\/blogi\/wp-content\/uploads\/2015\/08\/skotlanti-2015-42-300x200.jpg 300w, https:\/\/mielitty.com\/blogi\/wp-content\/uploads\/2015\/08\/skotlanti-2015-42-470x313.jpg 470w\" sizes=\"auto, (max-width: 1000px) 100vw, 1000px\" \/><\/a><\/p>\n<p>&nbsp;<\/p>\n<p><strong>Matkalla Lochinveriin ja Lochinveriss\u00e4<\/strong><\/p>\n<p>Koillis-Skotlannista suuntasimme l\u00e4nteen. Invernessin ohitettuamme maisemat alkoivat taas muuttua jylhemmiksi. T\u00e4ss\u00e4 kohtaa jo tajusimme, ett\u00e4 osa aikatauluista tulee olemaan tiukkoja ja emme ehtisi tehd\u00e4 kaikkea, mit\u00e4 olimme suunnitelleet. Olimme ajatelleet, ett\u00e4 ehdimme patikoida Lochinverin l\u00e4heisyydess\u00e4, mutta tyydyimmekin sitten liikkumaan autolla. No, seuraavalla reissulla sitten! Pohjoisin osa manner-Skotlannista on ehdottomasti k\u00e4ymisen arvoinen ja seuraavalla reissulla siell\u00e4 pit\u00e4\u00e4 viett\u00e4\u00e4 enemm\u00e4n aikaa kuin puoli vuorokautta. <a href=\"https:\/\/en.wikipedia.org\/wiki\/Lochinver\">Lochinver<\/a> on hyv\u00e4 tukikohta lomailulle: se on s\u00f6p\u00f6 pieni kyl\u00e4 ja siell\u00e4kin on kiva <a href=\"http:\/\/www.thecaberfeidh.co.uk\/\">pubi<\/a>.<\/p>\n<p>&nbsp;<\/p>\n<p><a href=\"https:\/\/mielitty.com\/blogi\/wp-content\/uploads\/2015\/08\/skotlanti-2015-93.jpg\" data-lightbox=\"gal[2571]\"><img loading=\"lazy\" decoding=\"async\" class=\"aligncenter size-full wp-image-2686\" src=\"https:\/\/mielitty.com\/blogi\/wp-content\/uploads\/2015\/08\/skotlanti-2015-93.jpg\" alt=\"\" width=\"1000\" height=\"667\" srcset=\"https:\/\/mielitty.com\/blogi\/wp-content\/uploads\/2015\/08\/skotlanti-2015-93.jpg 1000w, https:\/\/mielitty.com\/blogi\/wp-content\/uploads\/2015\/08\/skotlanti-2015-93-300x200.jpg 300w, https:\/\/mielitty.com\/blogi\/wp-content\/uploads\/2015\/08\/skotlanti-2015-93-470x313.jpg 470w\" sizes=\"auto, (max-width: 1000px) 100vw, 1000px\" \/><\/a><\/p>\n<p>&nbsp;<\/p>\n<p>T\u00e4m\u00e4 n\u00e4k\u00f6alapaikka sijaitsee ihan Lochinverin <a href=\"https:\/\/www.google.fi\/maps\/@58.1771669,-5.2743141,3a,75y,133.43h,86.95t\/data=!3m6!1e1!3m4!1s03QeUFH-OwBbINoJjWwzlA!2e0!7i13312!8i6656\">l\u00e4hell\u00e4<\/a>. Mieheni olisi vaan voinut j\u00e4\u00e4d\u00e4 tuohon istumaan:<\/p>\n<p><a href=\"https:\/\/mielitty.com\/blogi\/wp-content\/uploads\/2015\/08\/skotlanti-2015-98.jpg\" data-lightbox=\"gal[2571]\"><img loading=\"lazy\" decoding=\"async\" class=\"aligncenter wp-image-2654 size-full\" src=\"https:\/\/mielitty.com\/blogi\/wp-content\/uploads\/2015\/08\/skotlanti-2015-98.jpg\" alt=\"\" width=\"1000\" height=\"667\" srcset=\"https:\/\/mielitty.com\/blogi\/wp-content\/uploads\/2015\/08\/skotlanti-2015-98.jpg 1000w, https:\/\/mielitty.com\/blogi\/wp-content\/uploads\/2015\/08\/skotlanti-2015-98-300x200.jpg 300w, https:\/\/mielitty.com\/blogi\/wp-content\/uploads\/2015\/08\/skotlanti-2015-98-470x313.jpg 470w\" sizes=\"auto, (max-width: 1000px) 100vw, 1000px\" \/><\/a><\/p>\n<p>&nbsp;<\/p>\n<p><strong>Seuraavassa postauksessa p\u00e4\u00e4semmekin sitten Ulko-Hebrideille!<\/strong><\/p>\n<p>&nbsp;<\/p>\n","protected":false},"excerpt":{"rendered":"<p>&nbsp; No niin, nyt p\u00e4\u00e4sen vihdoin alkuun Skotlanti-raporttien kanssa! Ainakin osalle blogini seuraajista taitaa selv\u00e4\u00e4, ett\u00e4 vietimme kes\u00e4kuussa kaksi viikkoa kes\u00e4lomasta kiert\u00e4en Skotlantia.\u00a0Instagramissa\u00a0raportoin reissusta melkein liven\u00e4, kunhan wifin \u00e4\u00e4rell\u00e4 olimme. #viski\u00e4javillaa -t\u00e4gill\u00e4 l\u00f6ytyy aikamoinen m\u00e4\u00e4r\u00e4 kuvia, jos haluat katsoa. Matka oli pitk\u00e4\u00e4n ja hartaasti suunniteltu ja matkakassaakin s\u00e4\u00e4stimme puolitoista vuotta. Ideoimme pitk\u00e4\u00e4n mieheni kanssa mit\u00e4 [&hellip;]<\/p>\n","protected":false},"author":2,"featured_media":0,"comment_status":"open","ping_status":"open","sticky":false,"template":"","format":"standard","meta":{"footnotes":""},"categories":[25,55],"tags":[],"class_list":["post-2571","post","type-post","status-publish","format-standard","hentry","category-muilla-mailla","category-skotlanti"],"_links":{"self":[{"href":"https:\/\/mielitty.com\/blogi\/wp-json\/wp\/v2\/posts\/2571","targetHints":{"allow":["GET"]}}],"collection":[{"href":"https:\/\/mielitty.com\/blogi\/wp-json\/wp\/v2\/posts"}],"about":[{"href":"https:\/\/mielitty.com\/blogi\/wp-json\/wp\/v2\/types\/post"}],"author":[{"embeddable":true,"href":"https:\/\/mielitty.com\/blogi\/wp-json\/wp\/v2\/users\/2"}],"replies":[{"embeddable":true,"href":"https:\/\/mielitty.com\/blogi\/wp-json\/wp\/v2\/comments?post=2571"}],"version-history":[{"count":0,"href":"https:\/\/mielitty.com\/blogi\/wp-json\/wp\/v2\/posts\/2571\/revisions"}],"wp:attachment":[{"href":"https:\/\/mielitty.com\/blogi\/wp-json\/wp\/v2\/media?parent=2571"}],"wp:term":[{"taxonomy":"category","embeddable":true,"href":"https:\/\/mielitty.com\/blogi\/wp-json\/wp\/v2\/categories?post=2571"},{"taxonomy":"post_tag","embeddable":true,"href":"https:\/\/mielitty.com\/blogi\/wp-json\/wp\/v2\/tags?post=2571"}],"curies":[{"name":"wp","href":"https:\/\/api.w.org\/{rel}","templated":true}]}}