{"id":2799,"date":"2016-06-06T21:51:07","date_gmt":"2016-06-06T18:51:07","guid":{"rendered":"http:\/\/mielitty.com\/blogi\/?p=2799"},"modified":"2016-06-06T22:43:42","modified_gmt":"2016-06-06T19:43:42","slug":"viskia-ja-villaa-matkakertomus-osa-5-islayn-saarella","status":"publish","type":"post","link":"https:\/\/mielitty.com\/blogi\/2016\/06\/06\/viskia-ja-villaa-matkakertomus-osa-5-islayn-saarella\/","title":{"rendered":"Viski\u00e4 ja villaa -matkakertomus, osa 5: Islayn saarella"},"content":{"rendered":"<p>T\u00e4m\u00e4 kirjoitus on viides osa hi-taas-ti etenev\u00e4\u00e4 Skotlannin matkakertomusta. Olimme mieheni Niken kanssa Skotlannissa viime kes\u00e4kuussa (ihan kohta tulee kohta vuosi t\u00e4yteen reissusta :D ). \u00a0Jollet ole lukenut aikaisempia postauksiani reissusta, kannattaa ne lukea ensin: osat \u00a0<a href=\"https:\/\/mielitty.com\/blogi\/2015\/08\/22\/viskia-ja-villaa-matkakertomus-osa-1\/\">1<\/a>, <a href=\"https:\/\/mielitty.com\/blogi\/2015\/09\/22\/viskia-ja-villaa-matkakertomus-osa-2\/\">2<\/a>,\u00a0<a href=\"https:\/\/mielitty.com\/blogi\/2015\/11\/07\/viskia-ja-villaa-matkakertomus-osa-3-harris-tweed\/\">3<\/a>\u00a0ja <a href=\"https:\/\/mielitty.com\/blogi\/2016\/03\/28\/viskia-ja-villaa-matkakertomus-osa-4\/\">4<\/a>. T\u00e4m\u00e4 postauksen j\u00e4lkeen on viel\u00e4 pari osaa j\u00e4ljell\u00e4, huh!<\/p>\n<p>Reportaasini Islayn osalta ei ole aivan puolueeton: jos voisin vapaasti p\u00e4\u00e4tt\u00e4\u00e4 mihin Skotlannissa muuttaisin, olisi se paikka Islayn saari. T\u00e4m\u00e4 saattaa kuulostaa oudolta, mutta saaren fiilis on vaan niin sopiva.\u00a0Mik\u00e4 Islayn saaresta sitten tekee niin ihmeellisen? Sit\u00e4 onkin sitten vaikeampi selitt\u00e4\u00e4. \u00a0Varsinkin kun ottamissani kuvissa saari ei n\u00e4yt\u00e4 juuri milt\u00e4\u00e4n. Alla olevassa kuvassa on Bowmoren lahti, jonka toisella puolella siint\u00e4\u00e4 Bowmoren kaupunki. Luonnossa valo lahden yl\u00e4puolella oli pastellisen kuultavaa, ja se teki kaikesta niin kaunista, ett\u00e4 tunsin pakahtuvani. Valon lis\u00e4ksi saaren luonto on ihmeellinen: se vaihtelee kanervanummista vehreisiin laidunmaihin ja lehtomaisiin metsiin.<\/p>\n<p><img loading=\"lazy\" decoding=\"async\" class=\"aligncenter wp-image-2839 size-full\" src=\"https:\/\/mielitty.com\/blogi\/wp-content\/uploads\/2016\/04\/skotlanti-2015-Bowmoren-lahti.jpg\" width=\"1200\" height=\"800\" srcset=\"https:\/\/mielitty.com\/blogi\/wp-content\/uploads\/2016\/04\/skotlanti-2015-Bowmoren-lahti.jpg 1200w, https:\/\/mielitty.com\/blogi\/wp-content\/uploads\/2016\/04\/skotlanti-2015-Bowmoren-lahti-300x200.jpg 300w, https:\/\/mielitty.com\/blogi\/wp-content\/uploads\/2016\/04\/skotlanti-2015-Bowmoren-lahti-768x512.jpg 768w, https:\/\/mielitty.com\/blogi\/wp-content\/uploads\/2016\/04\/skotlanti-2015-Bowmoren-lahti-470x313.jpg 470w\" sizes=\"auto, (max-width: 1200px) 100vw, 1200px\" \/><\/p>\n<p>Matkamme Islayn saarelle alkoi\u00a0y\u00f6vytty\u00e4mme mantereen puolella Port Appinissa. Suuntasimme auton nokan kohti etel\u00e4\u00e4, piipahdimme Obanin kaupungissa<a href=\"https:\/\/www.discovering-distilleries.com\/oban\/\"> Oban-viskitilaamossa<\/a>\u00a0ostoksilla ja olimme hyviss\u00e4 ajoin lauttasatamassa Tarbertissa, josta l\u00e4htee lautta Islaylle Port Askaigiin. Tarbert-nimisi\u00e4 paikkoja on muuten Skotlannissa h\u00e4mment\u00e4v\u00e4n monta: sana tarkoittaa kapeaa maakaistaletta esim. saarien v\u00e4liss\u00e4 (suom. kangas).<\/p>\n<p>Islayn saarelle p\u00e4\u00e4see k\u00e4tev\u00e4sti joko lautalla (matka-aika n. 1,5 tuntia) tai sitten lent\u00e4en Glasgow&#8217;sta. Autolautat ovat edullisia, siistej\u00e4 ja niill\u00e4 matkustaa mielell\u00e4\u00e4n. Oma (vuokra-)auto Islaylla on aika pakollinen, jos haluaa liikkua eri puolilla saarta. Et\u00e4isyydet eiv\u00e4t ole superpitki\u00e4, mutta eiv\u00e4t nyt ihan k\u00e4velt\u00e4viss\u00e4k\u00e4\u00e4n. Polkupy\u00f6r\u00e4 olisi tosi k\u00e4tev\u00e4, jollei ikuinen vastatuuli haittaa. Saarella on tosin my\u00f6s mahdollisuus vuokrata itselle kuski+auto, mik\u00e4 ei ole yht\u00e4\u00e4n hullumpi juttu, jos ajatteli k\u00e4yd\u00e4 viskitislaamoissa enemm\u00e4nkin maistelemassa.<\/p>\n<p>Islaylla suurin osa y\u00f6pymispaikoista on Bowmoressa, joka on saaren p\u00e4\u00e4kaupunki. Bowmore on kuitenkin enemm\u00e4n kyl\u00e4 kuin kaupunki, katuja on vain muutama.\u00a0Y\u00f6vyimme Bowmoren keskustassa tosi pittoreskissa <a href=\"http:\/\/www.islandbear.co.uk\/\">The Island Bear Bed &amp; Breakfast<\/a> -majoituksessa. B&amp;B oli tosi symppis ja voisin hyvin y\u00f6py\u00e4 siell\u00e4 uudelleenkin.<\/p>\n<p>T\u00e4m\u00e4 oli n\u00e4kym\u00e4 B&amp;B -huoneemme ikkunasta, talojen takana h\u00e4\u00e4m\u00f6tt\u00e4\u00e4 Bowmoren lahti:<strong><br \/>\n<a href=\"https:\/\/mielitty.com\/blogi\/wp-content\/uploads\/2016\/04\/islay-woollen-mill-1.jpg\" data-lightbox=\"gal[2799]\"><img loading=\"lazy\" decoding=\"async\" class=\"aligncenter wp-image-2828 size-full\" src=\"https:\/\/mielitty.com\/blogi\/wp-content\/uploads\/2016\/04\/DSC_1568-2.jpg\" width=\"3004\" height=\"2253\" srcset=\"https:\/\/mielitty.com\/blogi\/wp-content\/uploads\/2016\/04\/DSC_1568-2.jpg 3004w, https:\/\/mielitty.com\/blogi\/wp-content\/uploads\/2016\/04\/DSC_1568-2-300x225.jpg 300w, https:\/\/mielitty.com\/blogi\/wp-content\/uploads\/2016\/04\/DSC_1568-2-768x576.jpg 768w, https:\/\/mielitty.com\/blogi\/wp-content\/uploads\/2016\/04\/DSC_1568-2-470x353.jpg 470w\" sizes=\"auto, (max-width: 3004px) 100vw, 3004px\" \/><\/a><\/strong><\/p>\n<p>Bowmoren kyl\u00e4 on rakennettu rinteeseen, ylimp\u00e4n\u00e4 on kirkko ja hautausmaa:<\/p>\n<p><a href=\"https:\/\/mielitty.com\/blogi\/wp-content\/uploads\/2016\/06\/DSC_1713.jpg\" data-lightbox=\"gal[2799]\"><img loading=\"lazy\" decoding=\"async\" class=\"aligncenter size-full wp-image-2858\" src=\"https:\/\/mielitty.com\/blogi\/wp-content\/uploads\/2016\/06\/DSC_1713.jpg\" alt=\"\" width=\"1200\" height=\"900\" srcset=\"https:\/\/mielitty.com\/blogi\/wp-content\/uploads\/2016\/06\/DSC_1713.jpg 1200w, https:\/\/mielitty.com\/blogi\/wp-content\/uploads\/2016\/06\/DSC_1713-300x225.jpg 300w, https:\/\/mielitty.com\/blogi\/wp-content\/uploads\/2016\/06\/DSC_1713-768x576.jpg 768w, https:\/\/mielitty.com\/blogi\/wp-content\/uploads\/2016\/06\/DSC_1713-470x353.jpg 470w\" sizes=\"auto, (max-width: 1200px) 100vw, 1200px\" \/><\/a><\/p>\n<p>Parhaiten Islay tunnetaan <a href=\"https:\/\/en.wikipedia.org\/wiki\/Islay_whisky\">viskitislaamoistaan<\/a> ja taitaa olla t\u00e4rkein syy sille miksi saarelle ylip\u00e4\u00e4t\u00e4\u00e4n matkailijat tulevat (my\u00f6nn\u00e4n, olimme mekin viskin per\u00e4ss\u00e4).\u00a0T\u00e4ll\u00e4 hetkell\u00e4 tislaamoita on kahdeksan: Ardbeg, Bowmore, Bunnahabhain, Bruichladdich, Caol Ila, Kilchoman, Lagavulin ja Laphroiag. K\u00e4vimme n\u00e4ist\u00e4 viidess\u00e4.<\/p>\n<p><a href=\"https:\/\/www.discovering-distilleries.com\/caolila\/\">Caol Ila<\/a>\u00a0-tislaamosta minulle ei ollut etuk\u00e4teen mit\u00e4\u00e4n mielikuvaa, koska en ollut aikaisemmin ainakaan muistaakseni juonut tislaamon viskej\u00e4. Nikke\u00a0varasi meille kuitenkin jo etuk\u00e4teen suklaata ja viski\u00e4 -tastingin tislaamossa ja maistelu osoittautui ihan mahtavaksi. Tastingiss\u00e4 oli nelj\u00e4 viski\u00e4 ja niille kaveriksi nelj\u00e4 erilaista k\u00e4sintehty\u00e4 suklaakonvehtia. En valitettavasti muista suklaantekij\u00e4n nime\u00e4, mutta skotlantilaisesta yrityksest\u00e4 on kysymys. Meid\u00e4n lis\u00e4ksemme maistelussa oli vain yksi amerikkalaispariskunta ja Caol Ilan edustaja Justina veti maistelun tosi kiinnostavasti. Tapahtuman\u00a0j\u00e4lkeen k\u00e4vi ilmi, ett\u00e4 Justina on kotoisin Liettuasta ja h\u00e4n on opiskellut suomea\u00a0Suomessa jonkin aikaa. Pieni on Eurooppa!<\/p>\n<p>En tied\u00e4 johtuuko Caol Ilan loistavista viskeist\u00e4, onnistuneesta tastingista vai tehtaanmyym\u00e4l\u00e4ss\u00e4 henganneesta Sushi-kissasta, mutta Caol Ilan viskit tekiv\u00e4t sellaisen vaikutuksen, ett\u00e4 edelleen lempiviskini on Caol Ila Moch eli pehme\u00e4n lempe\u00e4 aamuviski.<\/p>\n<p><a href=\"https:\/\/mielitty.com\/blogi\/wp-content\/uploads\/2016\/06\/DSC_1614-2.jpg\" data-lightbox=\"gal[2799]\"><img loading=\"lazy\" decoding=\"async\" class=\"aligncenter size-large wp-image-2854\" src=\"https:\/\/mielitty.com\/blogi\/wp-content\/uploads\/2016\/06\/DSC_1614-2-470x626.jpg\" alt=\"\" width=\"470\" height=\"626\" srcset=\"https:\/\/mielitty.com\/blogi\/wp-content\/uploads\/2016\/06\/DSC_1614-2-470x626.jpg 470w, https:\/\/mielitty.com\/blogi\/wp-content\/uploads\/2016\/06\/DSC_1614-2-225x300.jpg 225w, https:\/\/mielitty.com\/blogi\/wp-content\/uploads\/2016\/06\/DSC_1614-2-768x1023.jpg 768w, https:\/\/mielitty.com\/blogi\/wp-content\/uploads\/2016\/06\/DSC_1614-2.jpg 1200w\" sizes=\"auto, (max-width: 470px) 100vw, 470px\" \/><\/a><\/p>\n<p>K\u00e4vimme my\u00f6s tottakai <a href=\"http:\/\/www.laphroaig.com\/\">Laphroigilla<\/a>, jonka viskit ovat savuisuudessaan suosikkejani. Mutta Laphroigilla ei k\u00e4yty vain viskin takia vaan my\u00f6s perim\u00e4ss\u00e4 maavuokraa.\u00a0Tislaamon erikoisuus on se, ett\u00e4 kun on rekister\u00f6itynyt Laphroigin maanomistajaksi, voi tislaamolla k\u00e4ydess\u00e4\u00e4n k\u00e4yd\u00e4 perim\u00e4ss\u00e4 vuosittaisen vuokratulon (=pieni viskipullo) ja voi k\u00e4yd\u00e4 merkitsem\u00e4ss\u00e4 oman maatilkkunsa eli neli\u00f6jalan turvesuolle. En voi muuta kuin kunnioittaa Laphroigin markkinointia: alunperin tislaamo osti soisen maa-alueen sen vuoksi, ett\u00e4\u00a0sill\u00e4 sijaitsee tislaamon vedensaantipaikka ja vedensaanti\u00a0haluttiin turvata.\u00a0Nyt se sitten tuottaa iloa lukuisille viskientuasiasteille eli &#8220;maanomistajille&#8221;. Meid\u00e4nkin oli toki k\u00e4yt\u00e4v\u00e4 laittamassa liput pl\u00e4ntille.<\/p>\n<p><img loading=\"lazy\" decoding=\"async\" class=\"aligncenter wp-image-2838 size-large\" src=\"https:\/\/mielitty.com\/blogi\/wp-content\/uploads\/2016\/04\/laphroaig-onnellinen-maanomistaja-470x635.jpg\" alt=\"laphroaig onnellinen maanomistaja\" width=\"470\" height=\"635\" srcset=\"https:\/\/mielitty.com\/blogi\/wp-content\/uploads\/2016\/04\/laphroaig-onnellinen-maanomistaja-470x635.jpg 470w, https:\/\/mielitty.com\/blogi\/wp-content\/uploads\/2016\/04\/laphroaig-onnellinen-maanomistaja-222x300.jpg 222w, https:\/\/mielitty.com\/blogi\/wp-content\/uploads\/2016\/04\/laphroaig-onnellinen-maanomistaja-768x1038.jpg 768w, https:\/\/mielitty.com\/blogi\/wp-content\/uploads\/2016\/04\/laphroaig-onnellinen-maanomistaja.jpg 1200w\" sizes=\"auto, (max-width: 470px) 100vw, 470px\" \/><\/p>\n<p><a href=\"https:\/\/www.ardbeg.com\/\">Ardbeg-tislaamossa<\/a>\u00a0k\u00e4vimme tislaamokiertok\u00e4ynnill\u00e4, jossa k\u00e4ytiin l\u00e4pi Islay-saaren viskihistoriaa ja tislauksen eri vaiheet. Oppaamme oli hyv\u00e4 tarinankertoja ja viihteellisen kiertok\u00e4ynnin j\u00e4lkeen saimme viel\u00e4 maista Corrywreckania, herkullisen savuista viski\u00e4, joka on saanut nimens\u00e4 Jura- ja Scarba-saaren v\u00e4liss\u00e4 py\u00f6riv\u00e4st\u00e4 ikuisesta vesipy\u00f6rteest\u00e4.<\/p>\n<p>Kaikki tislaamot sijaitsevat rannalla, koska ennen raaka-aineiden ja valmiiden tuotteiden kuljetukset tehtiin tislaamoiden omista laitureista. Jokaisen Islay-tislaamon rannanpuoleisessa sein\u00e4ss\u00e4 on tislaamon nimi j\u00e4ttim\u00e4isin kirjaimin, ett\u00e4 laivat erottivat jo kaukaa oikean laiturin.<\/p>\n<p><a href=\"https:\/\/mielitty.com\/blogi\/wp-content\/uploads\/2016\/06\/DSC_1670.jpg\" data-lightbox=\"gal[2799]\"><img loading=\"lazy\" decoding=\"async\" class=\"aligncenter size-full wp-image-2870\" src=\"https:\/\/mielitty.com\/blogi\/wp-content\/uploads\/2016\/06\/DSC_1670.jpg\" alt=\"\" width=\"1200\" height=\"900\" srcset=\"https:\/\/mielitty.com\/blogi\/wp-content\/uploads\/2016\/06\/DSC_1670.jpg 1200w, https:\/\/mielitty.com\/blogi\/wp-content\/uploads\/2016\/06\/DSC_1670-300x225.jpg 300w, https:\/\/mielitty.com\/blogi\/wp-content\/uploads\/2016\/06\/DSC_1670-768x576.jpg 768w, https:\/\/mielitty.com\/blogi\/wp-content\/uploads\/2016\/06\/DSC_1670-470x353.jpg 470w\" sizes=\"auto, (max-width: 1200px) 100vw, 1200px\" \/><\/a><\/p>\n<p><a href=\"https:\/\/mielitty.com\/blogi\/wp-content\/uploads\/2016\/06\/DSC_1677-2.jpg\" data-lightbox=\"gal[2799]\"><img loading=\"lazy\" decoding=\"async\" class=\"aligncenter wp-image-2857 size-large\" src=\"https:\/\/mielitty.com\/blogi\/wp-content\/uploads\/2016\/06\/DSC_1677-2-470x627.jpg\" alt=\"DSC_1677-2\" width=\"470\" height=\"627\" srcset=\"https:\/\/mielitty.com\/blogi\/wp-content\/uploads\/2016\/06\/DSC_1677-2-470x627.jpg 470w, https:\/\/mielitty.com\/blogi\/wp-content\/uploads\/2016\/06\/DSC_1677-2-225x300.jpg 225w, https:\/\/mielitty.com\/blogi\/wp-content\/uploads\/2016\/06\/DSC_1677-2-768x1024.jpg 768w, https:\/\/mielitty.com\/blogi\/wp-content\/uploads\/2016\/06\/DSC_1677-2.jpg 1200w\" sizes=\"auto, (max-width: 470px) 100vw, 470px\" \/><\/a><\/p>\n<p>Piipahdimme my\u00f6s <a href=\"http:\/\/www.bowmore.com\/\">Bowmoren<\/a> ja\u00a0<a href=\"http:\/\/bunnahabhain.com\/\">Bunnahabhainin<\/a> tehtaanmyym\u00e4l\u00f6iss\u00e4 ja k\u00e4vimme kuvaamassa jo vuonna 1983 suljetun Port Ellen -tislaamon pihalla. Nyky\u00e4\u00e4n Port Elleniss\u00e4 mallastetaan ohraa viski\u00e4 varten.<\/p>\n<p>T\u00e4ss\u00e4 kohtaa on muuten mainittava, ett\u00e4 tislaamojen tehtaanmyym\u00e4l\u00e4t olivat kautta Skotlannin aikamoinen pettymys. En tied\u00e4 mist\u00e4 johtuu, mutta tehtaanmyym\u00e4l\u00f6iss\u00e4 myyd\u00e4\u00e4n l\u00e4hinn\u00e4 isoja pulloja perusviskej\u00e4 ja erilaista oheiskr\u00e4\u00e4s\u00e4\u00e4, kuten t-paitoja, fleece-takkeja ja lippiksi\u00e4 sun muuta (kuka noita mainosvaatteita oikeasti haluaa?!). Paras pienten, 1-2dl:n viskipullojen valikoima l\u00f6ytyi matkallamme Edinburghista: The Whisky Experiencen <a href=\"https:\/\/www.scotchwhiskyexperience.co.uk\/shop\">kauppa<\/a> ja yl\u00e4kerran <a href=\"https:\/\/www.scotchwhiskyexperience.co.uk\/restaurant\/bar\">baari<\/a> ovat k\u00e4ymisen arvoisia.<\/p>\n<p>Mit\u00e4 muuta tekemist\u00e4 Islaylla sitten on kuin viskitislaamot? Viskin maistelun ja luonnon ihailun lomassa voi k\u00e4yd\u00e4 vaikka toimivassa kutomossa.\u00a0<a href=\"http:\/\/www.islaywoollenmill.co.uk\/\">Islay Woollen Mill Company<\/a> on legendaarinen kutomo, joka on valmistanut kankaita elokuvien puvustuksiin ja nauttii my\u00f6s brittikuninkaallisten suosiota.<\/p>\n<p><a href=\"https:\/\/mielitty.com\/blogi\/wp-content\/uploads\/2016\/04\/skotlanti-2015-459.jpg\" data-lightbox=\"gal[2799]\"><img loading=\"lazy\" decoding=\"async\" class=\"aligncenter wp-image-2830 size-full\" src=\"https:\/\/mielitty.com\/blogi\/wp-content\/uploads\/2016\/04\/skotlanti-2015-459.jpg\" width=\"1000\" height=\"667\" srcset=\"https:\/\/mielitty.com\/blogi\/wp-content\/uploads\/2016\/04\/skotlanti-2015-459.jpg 1000w, https:\/\/mielitty.com\/blogi\/wp-content\/uploads\/2016\/04\/skotlanti-2015-459-300x200.jpg 300w, https:\/\/mielitty.com\/blogi\/wp-content\/uploads\/2016\/04\/skotlanti-2015-459-768x512.jpg 768w, https:\/\/mielitty.com\/blogi\/wp-content\/uploads\/2016\/04\/skotlanti-2015-459-470x313.jpg 470w\" sizes=\"auto, (max-width: 1000px) 100vw, 1000px\" \/><\/a><\/p>\n<p>Kutomo on tosiaan oikea kutomo, eik\u00e4 mik\u00e4\u00e4n n\u00e4yt\u00f6spaikka. Yl\u00e4kerrasta l\u00f6ytyi sekalainen varasto kankaita ja mallikirjoja ja alakerrassa on kauppa, jossa on myynniss\u00e4 esimerkiksi huiveja ja pienemp\u00e4\u00e4 lahjatavaraa. Kutomossa ei ole montaa ty\u00f6ntekij\u00e4\u00e4, mutta\u00a0v\u00e4ki esittelee rakennusta ja kutomon toimintaa mielell\u00e4\u00e4n. Itseasiassa menin itse sen verran sekaisin tuota kangasvarastoa tutkiessani, ett\u00e4 meid\u00e4n piti tulla seuraavana p\u00e4iv\u00e4n\u00e4 uudelleen k\u00e4ym\u00e4\u00e4n, en vaan osannut p\u00e4\u00e4tt\u00e4\u00e4 ensimm\u00e4isen\u00e4 p\u00e4iv\u00e4n\u00e4 mit\u00e4 ostaisin. Seuraavana p\u00e4iv\u00e4n\u00e4 sitten l\u00f6ysin pakanlopun harmaata liituraidallista villakangasta, jonka kutomo oli valmistanut\u00a0<a href=\"http:\/\/www.harrisonsofedinburgh.com\/\">Harrisons of Edinburghille<\/a>. Sain kankaan ihan t\u00f6rkyhalvalla ja vasta kotona tutkin, ett\u00e4 kangas on <a href=\"http:\/\/www.harrisonsofedinburgh.com\/collections\/harrisons-of-edinburgh\/multi-millionaire\">Multi-Millionaire -sarjaa<\/a> ja luultavammin jotain luksusvillasekoitetta (which was nice!).<br \/>\n<img loading=\"lazy\" decoding=\"async\" class=\"aligncenter size-full wp-image-2832\" src=\"https:\/\/mielitty.com\/blogi\/wp-content\/uploads\/2016\/04\/islay-woollen-mill-1.jpg\" alt=\"\" width=\"1000\" height=\"1500\" srcset=\"https:\/\/mielitty.com\/blogi\/wp-content\/uploads\/2016\/04\/islay-woollen-mill-1.jpg 1000w, https:\/\/mielitty.com\/blogi\/wp-content\/uploads\/2016\/04\/islay-woollen-mill-1-200x300.jpg 200w, https:\/\/mielitty.com\/blogi\/wp-content\/uploads\/2016\/04\/islay-woollen-mill-1-768x1152.jpg 768w, https:\/\/mielitty.com\/blogi\/wp-content\/uploads\/2016\/04\/islay-woollen-mill-1-470x705.jpg 470w\" sizes=\"auto, (max-width: 1000px) 100vw, 1000px\" \/><\/p>\n<p>Loimet kankaisiin luodaan yl\u00e4kerrassa ja lasketaan alas kutomoon lattiassa olevan luukun kautta. Kutomon koneet ovat kohtuullisen rustiikkisen n\u00e4k\u00f6isi\u00e4, mekkala oli my\u00f6s aika kova.<\/p>\n<p><a href=\"https:\/\/mielitty.com\/blogi\/wp-content\/uploads\/2016\/06\/skotlanti-2015-islay-mill-2.jpg\" data-lightbox=\"gal[2799]\"><img loading=\"lazy\" decoding=\"async\" class=\"aligncenter size-full wp-image-2869\" src=\"https:\/\/mielitty.com\/blogi\/wp-content\/uploads\/2016\/06\/skotlanti-2015-islay-mill-2.jpg\" alt=\"\" width=\"1200\" height=\"800\" srcset=\"https:\/\/mielitty.com\/blogi\/wp-content\/uploads\/2016\/06\/skotlanti-2015-islay-mill-2.jpg 1200w, https:\/\/mielitty.com\/blogi\/wp-content\/uploads\/2016\/06\/skotlanti-2015-islay-mill-2-300x200.jpg 300w, https:\/\/mielitty.com\/blogi\/wp-content\/uploads\/2016\/06\/skotlanti-2015-islay-mill-2-768x512.jpg 768w, https:\/\/mielitty.com\/blogi\/wp-content\/uploads\/2016\/06\/skotlanti-2015-islay-mill-2-470x313.jpg 470w\" sizes=\"auto, (max-width: 1200px) 100vw, 1200px\" \/><\/a><\/p>\n<p>Portnahavenin kyl\u00e4\u00e4n, Islayn l\u00e4ntisimp\u00e4\u00e4n k\u00e4rkeen kannattaa ajella maisemien ja kyl\u00e4n edustalla uivien hylkeiden takia. Itse hengasin l\u00e4hinn\u00e4 autossa, kun Nikke otti kuvia filmikamerallaan (alla oleva kuva on tosin minun ottamani ja nuo pienet pisteet ovat hylkeenp\u00e4it\u00e4, ei kivi\u00e4). Olin lukenut etuk\u00e4teen, ett\u00e4 hylkeet ovat kiinnostuneita ihmisist\u00e4 ja niin ne tosiaan olivat! Hylkeet kuulemma tulivat l\u00e4hemm\u00e4ksi, kun rannassa istui paikallaan. Hylkeet n\u00e4yttiv\u00e4t tosi huvittavilta, kun p\u00e4\u00e4t vaan hyppiv\u00e4t kovassa aallokossa kuin poijut.<\/p>\n<p><a href=\"https:\/\/mielitty.com\/blogi\/wp-content\/uploads\/2016\/06\/skotlanti-2015-islay-hylkeet.jpg\" data-lightbox=\"gal[2799]\"><img loading=\"lazy\" decoding=\"async\" class=\"aligncenter wp-image-2868 size-full\" src=\"https:\/\/mielitty.com\/blogi\/wp-content\/uploads\/2016\/06\/skotlanti-2015-islay-hylkeet.jpg\" width=\"1200\" height=\"800\" srcset=\"https:\/\/mielitty.com\/blogi\/wp-content\/uploads\/2016\/06\/skotlanti-2015-islay-hylkeet.jpg 1200w, https:\/\/mielitty.com\/blogi\/wp-content\/uploads\/2016\/06\/skotlanti-2015-islay-hylkeet-300x200.jpg 300w, https:\/\/mielitty.com\/blogi\/wp-content\/uploads\/2016\/06\/skotlanti-2015-islay-hylkeet-768x512.jpg 768w, https:\/\/mielitty.com\/blogi\/wp-content\/uploads\/2016\/06\/skotlanti-2015-islay-hylkeet-470x313.jpg 470w\" sizes=\"auto, (max-width: 1200px) 100vw, 1200px\" \/><\/a>Portnahavenissa kannattaa sy\u00f6d\u00e4 lounasta tai p\u00e4iv\u00e4llist\u00e4. Kyl\u00e4ss\u00e4 on pikkuruinen pubi, jonka ruokaa kehutaan niin netiss\u00e4 kuin matkaoppaissakin.\u00a0<a href=\"https:\/\/www.tripadvisor.co.uk\/Restaurant_Review-g4362792-d1178413-Reviews-An_Tigh_Seinnse-Portnahaven_Islay_The_Hebrides_Scotland.html\">An Tigh Seinnse -pubin<\/a> hampurilaiset olivat kielt\u00e4m\u00e4tt\u00e4 herkulliset. Muuten Islayn saaren ruoka- tai pubitarjonta ei kummemmin syk\u00e4hdytt\u00e4nyt. Bowmoren <a href=\"http:\/\/www.lochsidehotel.co.uk\/\">Lochside Hotelin<\/a> ravintolassa ruoka oli ok ja viskivalikoima oli hyv\u00e4.<\/p>\n<p>Nikke\u00e4 nauratti, kun auton vauhtia piti hiljent\u00e4\u00e4 v\u00e4h\u00e4n v\u00e4li\u00e4, ett\u00e4 pystyin kuvaamaan luonnonihmeit\u00e4. Onneksi Islayll\u00e4 on muuta liikennett\u00e4 v\u00e4h\u00e4n, kaksi autoa on jo ruuhka. Karitsojen tunnelmat n\u00e4ytt\u00e4v\u00e4t olevan alla olevassa kuvassa &#8220;Helvetti, nyt ne pys\u00e4htyiv\u00e4t!&#8221;. Pakko muuten todeta, ett\u00e4 ruohikolla oleva valkoinen ei ole roskaa, vaan lampaanvillaa. Lampaanvillaa \u00a0ja -kakkaa tuntuu olevan koko Skotlanti t\u00e4ynn\u00e4. Tosin niin on lampaitakin.<\/p>\n<p><a href=\"https:\/\/mielitty.com\/blogi\/wp-content\/uploads\/2016\/04\/DSC_1590-2.jpg\" data-lightbox=\"gal[2799]\"><img loading=\"lazy\" decoding=\"async\" class=\"aligncenter size-full wp-image-2835\" src=\"https:\/\/mielitty.com\/blogi\/wp-content\/uploads\/2016\/04\/DSC_1590-2.jpg\" alt=\"DSC_1590-2\" width=\"1200\" height=\"900\" srcset=\"https:\/\/mielitty.com\/blogi\/wp-content\/uploads\/2016\/04\/DSC_1590-2.jpg 1200w, https:\/\/mielitty.com\/blogi\/wp-content\/uploads\/2016\/04\/DSC_1590-2-300x225.jpg 300w, https:\/\/mielitty.com\/blogi\/wp-content\/uploads\/2016\/04\/DSC_1590-2-768x576.jpg 768w, https:\/\/mielitty.com\/blogi\/wp-content\/uploads\/2016\/04\/DSC_1590-2-470x353.jpg 470w\" sizes=\"auto, (max-width: 1200px) 100vw, 1200px\" \/><\/a><\/p>\n<p>Islayn saarella riitti tosiaan kuvattavaa, erilaisia kotiel\u00e4imi\u00e4kin oli jos jonkinmoisia. N\u00e4imme saarella tosi\u00a0kummallisia valkomustia lehmi\u00e4, joiden rodun opin vasta kuukausi takaperin, ne ovat kuulemma skottilaista <a href=\"http:\/\/www.beltie.org\/\">Belted Galloway<\/a> -alkuper\u00e4isrotua. Lis\u00e4ksi saarella on alpakoita, jotka laidunsivat tyytyv\u00e4isen\u00e4 lampaiden kanssa. Emme k\u00e4yneet <a href=\"https:\/\/www.facebook.com\/tormisdale\/\">Tormisdale Croft Craft<\/a> -myym\u00e4l\u00e4ss\u00e4, mutta olettaisin, ett\u00e4 alpakoilla oli tekemist\u00e4 kyseisen liikkeen\u00a0kanssa. Kate Davies on kirjoittanut <a href=\"https:\/\/katedaviesdesigns.com\/2009\/01\/17\/the-best-wee-yarn-shop-in-the-world\/\">myym\u00e4l\u00e4st\u00e4 seitsemisen vuotta sitten<\/a>.<\/p>\n<p><img loading=\"lazy\" decoding=\"async\" class=\"aligncenter size-full wp-image-2871\" src=\"https:\/\/mielitty.com\/blogi\/wp-content\/uploads\/2016\/06\/skotlanti-2015-belted.jpg\" alt=\"\" width=\"1200\" height=\"800\" srcset=\"https:\/\/mielitty.com\/blogi\/wp-content\/uploads\/2016\/06\/skotlanti-2015-belted.jpg 1200w, https:\/\/mielitty.com\/blogi\/wp-content\/uploads\/2016\/06\/skotlanti-2015-belted-300x200.jpg 300w, https:\/\/mielitty.com\/blogi\/wp-content\/uploads\/2016\/06\/skotlanti-2015-belted-768x512.jpg 768w, https:\/\/mielitty.com\/blogi\/wp-content\/uploads\/2016\/06\/skotlanti-2015-belted-470x313.jpg 470w\" sizes=\"auto, (max-width: 1200px) 100vw, 1200px\" \/><\/p>\n<p>Kuten jo mainitsin, Islayn luonto on vaihtelevaa, my\u00f6s jylhempi\u00e4\u00a0paikkoja l\u00f6ytyy. Matkalla\u00a0Bunnahabhain-tislaamolle pys\u00e4hdyimme sy\u00f6m\u00e4\u00e4n ev\u00e4it\u00e4 kukkulalle, josta oli n\u00e4kym\u00e4 Juran saarelle. Alunperin meid\u00e4n oli tarkoitus k\u00e4yd\u00e4 my\u00f6s Juralla, koska sinne p\u00e4\u00e4see Port Askaigin lauttarannasta k\u00e4tev\u00e4sti lossilla. V\u00e4h\u00e4n liian tiukan aikataulun takia p\u00e4\u00e4timme j\u00e4tt\u00e4\u00e4 Jura-seikkailun t\u00e4ll\u00e4 kertaa v\u00e4liin.<\/p>\n<p><img loading=\"lazy\" decoding=\"async\" class=\"aligncenter size-full wp-image-2859\" src=\"https:\/\/mielitty.com\/blogi\/wp-content\/uploads\/2016\/06\/DSC_1750-1.jpg\" alt=\"\" width=\"1200\" height=\"900\" srcset=\"https:\/\/mielitty.com\/blogi\/wp-content\/uploads\/2016\/06\/DSC_1750-1.jpg 1200w, https:\/\/mielitty.com\/blogi\/wp-content\/uploads\/2016\/06\/DSC_1750-1-300x225.jpg 300w, https:\/\/mielitty.com\/blogi\/wp-content\/uploads\/2016\/06\/DSC_1750-1-768x576.jpg 768w, https:\/\/mielitty.com\/blogi\/wp-content\/uploads\/2016\/06\/DSC_1750-1-470x353.jpg 470w\" sizes=\"auto, (max-width: 1200px) 100vw, 1200px\" \/><\/p>\n<p>Samalla kukkulalla n\u00e4in my\u00f6s matkan ensimm\u00e4iset isot ohdakkeet. T\u00e4m\u00e4 olikin ainoa kerta, kun kuvasin Skotlannin kansalliskukkaa:<\/p>\n<p><img loading=\"lazy\" decoding=\"async\" class=\"aligncenter size-full wp-image-2860\" src=\"https:\/\/mielitty.com\/blogi\/wp-content\/uploads\/2016\/06\/DSC_1758-2-1.jpg\" alt=\"\" width=\"1200\" height=\"900\" srcset=\"https:\/\/mielitty.com\/blogi\/wp-content\/uploads\/2016\/06\/DSC_1758-2-1.jpg 1200w, https:\/\/mielitty.com\/blogi\/wp-content\/uploads\/2016\/06\/DSC_1758-2-1-300x225.jpg 300w, https:\/\/mielitty.com\/blogi\/wp-content\/uploads\/2016\/06\/DSC_1758-2-1-768x576.jpg 768w, https:\/\/mielitty.com\/blogi\/wp-content\/uploads\/2016\/06\/DSC_1758-2-1-470x353.jpg 470w\" sizes=\"auto, (max-width: 1200px) 100vw, 1200px\" \/><\/p>\n<p>Viel\u00e4 v\u00e4h\u00e4n saaren historiaa. K\u00e4vimme tutustumassa\u00a0Islayn saaren muinaiseen p\u00e4\u00e4paikkaan\u00a0<a href=\"https:\/\/en.wikipedia.org\/wiki\/Finlaggan\">Finlagganiin<\/a>. Finlaggan on itseasiassa saari samannimisess\u00e4\u00a0j\u00e4rvess\u00e4 ja se on ollut saarten &#8220;kuninkaiden&#8221; (<a href=\"https:\/\/en.wikipedia.org\/wiki\/Lord_of_the_Isles\">Lord of the Isles<\/a>) p\u00e4\u00e4paikka jossain ensimm\u00e4isen ja toisen vuosituhannen vaihteessa. On kiinnostavaa ajatella miten erityyppinen paikka Skotlannin saaret olivat silloin. Silloin meri ei erottanut, vaan toimi enemm\u00e4nkin nopeana ja tehokkaana matkustusv\u00e4yl\u00e4n\u00e4.<\/p>\n<p>Finlagganin kupeessa on historiakeskus, jossa ainakin viime kes\u00e4n\u00e4 oli aika h\u00e4mment\u00e4v\u00e4, mutta samaan aikaan viihdytt\u00e4v\u00e4 opasrouva. Kyseinen rouva oli intohimoinen Skotlannin itsen\u00e4isyyden kannattaja ja toi sen meille turistiparoillekin aika selv\u00e4sti ilmi, vaikkemme mit\u00e4\u00e4n kysyneetk\u00e4\u00e4n. Onneksi paikalle tuli seuraava pariskunta, jota opas p\u00e4\u00e4si seuraavaksi valistamaan.<\/p>\n<p>Jos k\u00e4sitin oikein, saaressa sijaitsevat n\u00e4ytt\u00e4vimm\u00e4t rauniot (kuten n\u00e4m\u00e4 kuvassa olevat) ovat my\u00f6hemm\u00e4lt\u00e4 ajalta olevia maatilan rakennuksia, mutta saarten kuninkaiden ajaltkin j\u00e4\u00e4nteit\u00e4 l\u00f6ytyy.<\/p>\n<p><img loading=\"lazy\" decoding=\"async\" class=\"size-full wp-image-2831\" src=\"https:\/\/mielitty.com\/blogi\/wp-content\/uploads\/2016\/04\/skotlanti-2015-499.jpg\" alt=\"SAMSUNG CSC\" width=\"1000\" height=\"667\" srcset=\"https:\/\/mielitty.com\/blogi\/wp-content\/uploads\/2016\/04\/skotlanti-2015-499.jpg 1000w, https:\/\/mielitty.com\/blogi\/wp-content\/uploads\/2016\/04\/skotlanti-2015-499-300x200.jpg 300w, https:\/\/mielitty.com\/blogi\/wp-content\/uploads\/2016\/04\/skotlanti-2015-499-768x512.jpg 768w, https:\/\/mielitty.com\/blogi\/wp-content\/uploads\/2016\/04\/skotlanti-2015-499-470x313.jpg 470w\" sizes=\"auto, (max-width: 1000px) 100vw, 1000px\" \/><\/p>\n<p>Islayn saarellakin aika loppui aivan kesken! Olimme siis saarella kaksi vuorokautta, mutta ohjelmaa olisi keksinyt helposti viikoksikin.<\/p>\n<p>N\u00e4m\u00e4 hurmaavat westiet partioivat lauttarannassa, kun odotimme lauttaa takaisin mantereelle. Ep\u00e4ilen kyll\u00e4, ett\u00e4 t\u00e4t\u00e4 kaksikkoa kiinnosti ihmisten sijaan enemm\u00e4nkin lauttaa odottelevien matkailijoiden pitsa-annokset.<\/p>\n<p><a href=\"https:\/\/mielitty.com\/blogi\/wp-content\/uploads\/2016\/06\/DSC_1795.jpg\" data-lightbox=\"gal[2799]\"><img loading=\"lazy\" decoding=\"async\" class=\"aligncenter size-full wp-image-2861\" src=\"https:\/\/mielitty.com\/blogi\/wp-content\/uploads\/2016\/06\/DSC_1795.jpg\" alt=\"\" width=\"1200\" height=\"900\" srcset=\"https:\/\/mielitty.com\/blogi\/wp-content\/uploads\/2016\/06\/DSC_1795.jpg 1200w, https:\/\/mielitty.com\/blogi\/wp-content\/uploads\/2016\/06\/DSC_1795-300x225.jpg 300w, https:\/\/mielitty.com\/blogi\/wp-content\/uploads\/2016\/06\/DSC_1795-768x576.jpg 768w, https:\/\/mielitty.com\/blogi\/wp-content\/uploads\/2016\/06\/DSC_1795-470x353.jpg 470w\" sizes=\"auto, (max-width: 1200px) 100vw, 1200px\" \/><\/a><\/p>\n","protected":false},"excerpt":{"rendered":"<p>T\u00e4m\u00e4 kirjoitus on viides osa hi-taas-ti etenev\u00e4\u00e4 Skotlannin matkakertomusta. Olimme mieheni Niken kanssa Skotlannissa viime kes\u00e4kuussa (ihan kohta tulee kohta vuosi t\u00e4yteen reissusta :D ). \u00a0Jollet ole lukenut aikaisempia postauksiani reissusta, kannattaa ne lukea ensin: osat \u00a01, 2,\u00a03\u00a0ja 4. T\u00e4m\u00e4 postauksen j\u00e4lkeen on viel\u00e4 pari osaa j\u00e4ljell\u00e4, huh! Reportaasini Islayn osalta ei ole aivan puolueeton: [&hellip;]<\/p>\n","protected":false},"author":2,"featured_media":0,"comment_status":"open","ping_status":"open","sticky":false,"template":"","format":"standard","meta":{"footnotes":""},"categories":[25,55],"tags":[],"class_list":["post-2799","post","type-post","status-publish","format-standard","hentry","category-muilla-mailla","category-skotlanti"],"_links":{"self":[{"href":"https:\/\/mielitty.com\/blogi\/wp-json\/wp\/v2\/posts\/2799","targetHints":{"allow":["GET"]}}],"collection":[{"href":"https:\/\/mielitty.com\/blogi\/wp-json\/wp\/v2\/posts"}],"about":[{"href":"https:\/\/mielitty.com\/blogi\/wp-json\/wp\/v2\/types\/post"}],"author":[{"embeddable":true,"href":"https:\/\/mielitty.com\/blogi\/wp-json\/wp\/v2\/users\/2"}],"replies":[{"embeddable":true,"href":"https:\/\/mielitty.com\/blogi\/wp-json\/wp\/v2\/comments?post=2799"}],"version-history":[{"count":0,"href":"https:\/\/mielitty.com\/blogi\/wp-json\/wp\/v2\/posts\/2799\/revisions"}],"wp:attachment":[{"href":"https:\/\/mielitty.com\/blogi\/wp-json\/wp\/v2\/media?parent=2799"}],"wp:term":[{"taxonomy":"category","embeddable":true,"href":"https:\/\/mielitty.com\/blogi\/wp-json\/wp\/v2\/categories?post=2799"},{"taxonomy":"post_tag","embeddable":true,"href":"https:\/\/mielitty.com\/blogi\/wp-json\/wp\/v2\/tags?post=2799"}],"curies":[{"name":"wp","href":"https:\/\/api.w.org\/{rel}","templated":true}]}}