{"id":325,"date":"2006-12-02T20:27:00","date_gmt":"2006-12-02T20:27:00","guid":{"rendered":"http:\/\/mielitty.com\/blog\/2006\/12\/02\/messupaivitysta-osa-1\/"},"modified":"2006-12-02T20:27:00","modified_gmt":"2006-12-02T20:27:00","slug":"messupaivitysta-osa-1","status":"publish","type":"post","link":"https:\/\/mielitty.com\/blogi\/2006\/12\/02\/messupaivitysta-osa-1\/","title":{"rendered":"Messup\u00e4ivityst\u00e4 osa 1"},"content":{"rendered":"<p>Ajattelin aluksi, ett\u00e4 teen messuraportin vasta messujen j\u00e4lkeen, mutta koska t\u00e4n\u00e4\u00e4n oli niin kivaa, niin ajattelin p\u00e4ivitt\u00e4\u00e4kin t\u00e4n\u00e4\u00e4n.;) Ihmisi\u00e4 oli messuilla t\u00e4n\u00e4\u00e4n kiitett\u00e4v\u00e4sti, mutta tottakai enemm\u00e4nkin v\u00e4ke\u00e4 saisi aina olla. Muutama tuttukin k\u00e4vi moikkaamassa ja ostoksilla, kiitos siit\u00e4.<\/p>\n<p>Naisten joulumessuilla on tajuttu, ett\u00e4 myyntip\u00f6yti\u00e4 ei kannata laittaa kovin tiuhaan. Tunnelma on siis paljon v\u00e4ljempi kuin syyskuussa olleilla K\u00e4dentaito -messuilla. Muutenkin tunnelma messuilla on mielest\u00e4ni todella mukava. On kiva olla kaksistaan siskon kanssa myym\u00e4ss\u00e4, ei tule tyls\u00e4\u00e4, kun on juttukaveri hiljaisiksi hetkiksi.<\/p>\n<p>Messuilla ehti neuloakin, t\u00e4n\u00e4\u00e4n neuloin 2,5 lapasta.<a href=\"\/blogi\/wp-content\/uploads\/2006\/12\/minamessuilla.jpg\" data-lightbox=\"gal[325]\"><img decoding=\"async\" style=\"\" src=\"\/blogi\/wp-content\/uploads\/2006\/12\/minamessuilla.jpg\" alt=\"\" id=\"BLOGGER_PHOTO_ID_5004022671162136450\" border=\"0\" \/><\/a><\/p>\n<p>Kuva on tosin lavastettu, se on otettu heti aamulla.;)<\/p>\n<p>Meid\u00e4n messup\u00f6yt\u00e4mme:<\/p>\n<p><a href=\"\/blogi\/wp-content\/uploads\/2006\/12\/meidanpoyta.jpg\" data-lightbox=\"gal[325]\"><img decoding=\"async\" style=\"\" src=\"\/blogi\/wp-content\/uploads\/2006\/12\/meidanpoyta.jpg\" alt=\"\" id=\"BLOGGER_PHOTO_ID_5004022546608084850\" border=\"0\" \/><\/a><\/p>\n<p>Minun osani p\u00f6yd\u00e4st\u00e4:<\/p>\n<p><a href=\"\/blogi\/wp-content\/uploads\/2006\/12\/mielittypoyta.jpg\" data-lightbox=\"gal[325]\"><img decoding=\"async\" style=\"\" src=\"\/blogi\/wp-content\/uploads\/2006\/12\/mielittypoyta.jpg\" alt=\"\" id=\"BLOGGER_PHOTO_ID_5004022387694294882\" border=\"0\" \/><\/a><\/p>\n<p><a onblur=\"try {parent.deselectBloggerImageGracefully();} catch(e) {}\" href=\"http:\/\/bp1.blogger.com\/_sYV_xrQ-pJ0\/RXHbsGKe11I\/AAAAAAAAAAg\/9hfOBUtA85w\/s1600-h\/mielitty+poyta.jpg\"><\/p>\n<p><\/a><\/p>\n","protected":false},"excerpt":{"rendered":"<p>Ajattelin aluksi, ett\u00e4 teen messuraportin vasta messujen j\u00e4lkeen, mutta koska t\u00e4n\u00e4\u00e4n oli niin kivaa, niin ajattelin p\u00e4ivitt\u00e4\u00e4kin t\u00e4n\u00e4\u00e4n.;) Ihmisi\u00e4 oli messuilla t\u00e4n\u00e4\u00e4n kiitett\u00e4v\u00e4sti, mutta tottakai enemm\u00e4nkin v\u00e4ke\u00e4 saisi aina olla. Muutama tuttukin k\u00e4vi moikkaamassa ja ostoksilla, kiitos siit\u00e4. Naisten joulumessuilla on tajuttu, ett\u00e4 myyntip\u00f6yti\u00e4 ei kannata laittaa kovin tiuhaan. Tunnelma on siis paljon v\u00e4ljempi kuin [&hellip;]<\/p>\n","protected":false},"author":2,"featured_media":0,"comment_status":"open","ping_status":"open","sticky":false,"template":"","format":"standard","meta":{"footnotes":""},"categories":[],"tags":[12],"class_list":["post-325","post","type-post","status-publish","format-standard","hentry","tag-mielitty"],"_links":{"self":[{"href":"https:\/\/mielitty.com\/blogi\/wp-json\/wp\/v2\/posts\/325","targetHints":{"allow":["GET"]}}],"collection":[{"href":"https:\/\/mielitty.com\/blogi\/wp-json\/wp\/v2\/posts"}],"about":[{"href":"https:\/\/mielitty.com\/blogi\/wp-json\/wp\/v2\/types\/post"}],"author":[{"embeddable":true,"href":"https:\/\/mielitty.com\/blogi\/wp-json\/wp\/v2\/users\/2"}],"replies":[{"embeddable":true,"href":"https:\/\/mielitty.com\/blogi\/wp-json\/wp\/v2\/comments?post=325"}],"version-history":[{"count":0,"href":"https:\/\/mielitty.com\/blogi\/wp-json\/wp\/v2\/posts\/325\/revisions"}],"wp:attachment":[{"href":"https:\/\/mielitty.com\/blogi\/wp-json\/wp\/v2\/media?parent=325"}],"wp:term":[{"taxonomy":"category","embeddable":true,"href":"https:\/\/mielitty.com\/blogi\/wp-json\/wp\/v2\/categories?post=325"},{"taxonomy":"post_tag","embeddable":true,"href":"https:\/\/mielitty.com\/blogi\/wp-json\/wp\/v2\/tags?post=325"}],"curies":[{"name":"wp","href":"https:\/\/api.w.org\/{rel}","templated":true}]}}