{"id":339,"date":"2007-01-03T11:45:00","date_gmt":"2007-01-03T11:45:00","guid":{"rendered":"http:\/\/mielitty.com\/blog\/2007\/01\/03\/saarystimet\/"},"modified":"2007-01-03T11:45:00","modified_gmt":"2007-01-03T11:45:00","slug":"saarystimet","status":"publish","type":"post","link":"https:\/\/mielitty.com\/blogi\/2007\/01\/03\/saarystimet\/","title":{"rendered":"S\u00e4\u00e4rystimet"},"content":{"rendered":"<p>Vuoden ensimm\u00e4inen ty\u00f6 on vaatimaton. En viel\u00e4k\u00e4\u00e4n osaa oikein p\u00e4\u00e4tt\u00e4\u00e4, ett\u00e4 ovatko nuo s\u00e4\u00e4rystimet &#8220;minunlaiseni&#8221;. Oikeassa jalassa s\u00e4\u00e4rystin on oikeinp\u00e4in ja vasemmassa nurja puoli p\u00e4\u00e4llep\u00e4in. Kumpikin neulepinta toimii.<\/p>\n<p><a href=\"\/blogi\/wp-content\/uploads\/2007\/01\/saarystin3.jpg\" data-lightbox=\"gal[339]\"><img decoding=\"async\" style=\"\" src=\"\/blogi\/wp-content\/uploads\/2007\/01\/saarystin3.jpg\" alt=\"\" id=\"BLOGGER_PHOTO_ID_5015772582749285618\" border=\"0\" \/><\/a><\/p>\n<p>Kuvat eiv\u00e4t (taaskaan) anna lainkaan oikeutta neulepinnan kauneudelle ja v\u00e4reille. Todella rasittavaa! Lankaa s\u00e4\u00e4rystimiin meni 70 grammaa, ja lankahan on Anna Vaskon k\u00e4sinv\u00e4rj\u00e4\u00e4m\u00e4\u00e4n suomenlampaan villaa.<\/p>\n<p><a href=\"\/blogi\/wp-content\/uploads\/2007\/01\/saarystindetail.jpg\" data-lightbox=\"gal[339]\"><img decoding=\"async\" style=\"\" src=\"\/blogi\/wp-content\/uploads\/2007\/01\/saarystindetail.jpg\" alt=\"\" id=\"BLOGGER_PHOTO_ID_5015771964273994978\" border=\"0\" \/><\/a><\/p>\n<p>Menen t\u00e4st\u00e4 marisemaan opintojen pariin.<\/p>\n","protected":false},"excerpt":{"rendered":"<p>Vuoden ensimm\u00e4inen ty\u00f6 on vaatimaton. En viel\u00e4k\u00e4\u00e4n osaa oikein p\u00e4\u00e4tt\u00e4\u00e4, ett\u00e4 ovatko nuo s\u00e4\u00e4rystimet &#8220;minunlaiseni&#8221;. Oikeassa jalassa s\u00e4\u00e4rystin on oikeinp\u00e4in ja vasemmassa nurja puoli p\u00e4\u00e4llep\u00e4in. Kumpikin neulepinta toimii. Kuvat eiv\u00e4t (taaskaan) anna lainkaan oikeutta neulepinnan kauneudelle ja v\u00e4reille. Todella rasittavaa! Lankaa s\u00e4\u00e4rystimiin meni 70 grammaa, ja lankahan on Anna Vaskon k\u00e4sinv\u00e4rj\u00e4\u00e4m\u00e4\u00e4n suomenlampaan villaa. Menen t\u00e4st\u00e4 [&hellip;]<\/p>\n","protected":false},"author":2,"featured_media":0,"comment_status":"open","ping_status":"open","sticky":false,"template":"","format":"standard","meta":{"footnotes":""},"categories":[],"tags":[13],"class_list":["post-339","post","type-post","status-publish","format-standard","hentry","tag-valmiit-tyot"],"_links":{"self":[{"href":"https:\/\/mielitty.com\/blogi\/wp-json\/wp\/v2\/posts\/339","targetHints":{"allow":["GET"]}}],"collection":[{"href":"https:\/\/mielitty.com\/blogi\/wp-json\/wp\/v2\/posts"}],"about":[{"href":"https:\/\/mielitty.com\/blogi\/wp-json\/wp\/v2\/types\/post"}],"author":[{"embeddable":true,"href":"https:\/\/mielitty.com\/blogi\/wp-json\/wp\/v2\/users\/2"}],"replies":[{"embeddable":true,"href":"https:\/\/mielitty.com\/blogi\/wp-json\/wp\/v2\/comments?post=339"}],"version-history":[{"count":0,"href":"https:\/\/mielitty.com\/blogi\/wp-json\/wp\/v2\/posts\/339\/revisions"}],"wp:attachment":[{"href":"https:\/\/mielitty.com\/blogi\/wp-json\/wp\/v2\/media?parent=339"}],"wp:term":[{"taxonomy":"category","embeddable":true,"href":"https:\/\/mielitty.com\/blogi\/wp-json\/wp\/v2\/categories?post=339"},{"taxonomy":"post_tag","embeddable":true,"href":"https:\/\/mielitty.com\/blogi\/wp-json\/wp\/v2\/tags?post=339"}],"curies":[{"name":"wp","href":"https:\/\/api.w.org\/{rel}","templated":true}]}}