{"id":428,"date":"2007-07-01T11:00:00","date_gmt":"2007-07-01T11:00:00","guid":{"rendered":"http:\/\/mielitty.com\/blog\/2007\/07\/01\/turuus\/"},"modified":"2007-07-01T11:00:00","modified_gmt":"2007-07-01T11:00:00","slug":"turuus","status":"publish","type":"post","link":"https:\/\/mielitty.com\/blogi\/2007\/07\/01\/turuus\/","title":{"rendered":"Turuus"},"content":{"rendered":"<p>Olimme viikonloppuna Turussa Keskiaikaisilla Markkinoilla. Tosin vietimme aika my\u00f6s <a href=\"http:\/\/www.turku.fi\/public\/default.aspx?nodeid=4537&#038;culture=fi-FI&amp;contentlan=1\">Turun linnassa<\/a> ja <a href=\"http:\/\/www.turku.fi\/public\/default.aspx?contentid=66480\">linnaleiriss\u00e4<\/a>.<\/p>\n<p>Linnaleiriss\u00e4 kinnasta neulaamassa:<\/p>\n<p><a href=\"\/blogi\/wp-content\/uploads\/2007\/07\/linnaleirissC3A42ok.jpg\" data-lightbox=\"gal[428]\"><img decoding=\"async\" style=\"\" src=\"\/blogi\/wp-content\/uploads\/2007\/07\/linnaleirissC3A42ok.jpg\" alt=\"\" id=\"BLOGGER_PHOTO_ID_5082152888172025490\" border=\"0\" \/><\/a><\/p>\n<p>Kuten kuvista n\u00e4kyy, en sitten saanut ikin\u00e4 ommeltua niit\u00e4 hihoja p\u00e4\u00e4llysmekkoon. No, hihat ja kainalokiilat on kuitenkin leikattu, jos ne jossain vaiheessa haluan pukuun kiinnitt\u00e4\u00e4 (eli ei varmaan ikin\u00e4). P\u00e4\u00e4llysmekko on <a href=\"http:\/\/www.personal.utulsa.edu\/%7Emarc-carlson\/cloth\/herjol39.html\">Herfjolnes 39<\/a> -tyyppinen, mutta k\u00e4ytin inspiraationa my\u00f6s <a href=\"http:\/\/www.gelfling.dds.nl\/overkirtle.html\">t\u00e4t\u00e4 sivustoa<\/a>.<\/p>\n<p><a href=\"\/blogi\/wp-content\/uploads\/2007\/07\/linnaleirissa1ok.jpg\" data-lightbox=\"gal[428]\"><img decoding=\"async\" style=\"\" src=\"\/blogi\/wp-content\/uploads\/2007\/07\/linnaleirissa1ok.jpg\" alt=\"\" id=\"BLOGGER_PHOTO_ID_5082152759323006594\" border=\"0\" \/><\/a><\/p>\n<p>P\u00e4\u00e4llysmekon kangas on rohdinpellavaa ja v\u00e4rj\u00e4tty teollisin v\u00e4rein. Saumat ovat katesaumat, vaikka Gr\u00f6nlannista Herfjolnesista l\u00f6ydetyiss\u00e4 vaatteissa ei (kai) ole katesaumaa k\u00e4ytetty. Meill\u00e4 pohjolassa katesauma on kuitenkin ollut k\u00e4yt\u00f6ss\u00e4 ainakin 1100-luvulta 1700-luvulle.<\/p>\n<p>Alusmekko ei ole keskiaikainen, vaan aikaisempi, Euran muinaispuvun alusmekon malliin tehty. En nyt jaksa t\u00e4ss\u00e4 alkaa jossittelemaan Euran alusmekon leikkauksen oikeellisuutta, mutta erikoinen se on.<\/p>\n<p>P\u00e4\u00e4hineeksi kiedoin pellavaisen liinan (koko 110x110cm). Kyseinen huivin kietomistapa esiintyy aika usein keskiaikaisissa kuvituksissa, mutta en tied\u00e4 kietomistavalle mit\u00e4\u00e4n varsinaista nime\u00e4. Pit\u00e4isi jossain vaiheessa ehti\u00e4 huolittelemaan huivin reunat.<\/p>\n<p>Keskiaikaiset markkinat olivat ihan hauska kokemus tavaratarjontansa osalta. Ostin kauniin puukon ja lankaa <a href=\"http:\/\/heles-inki.vuodatus.net\/\">Juulilta<\/a>. L\u00f6ysin my\u00f6s kauan etsimi\u00e4ni kulkusia vy\u00f6t\u00e4 koristamaan. Kuvia tuotteista ei ole, kun siippa takavarikoi kameran muistikortin minun  tuhottuani kamerasta h\u00e4nen kuviaan. Ihan oikein minulle.:)<\/p>\n<p>Muutama linkki viel\u00e4 lopuksi:<\/p>\n<ul>\n<li><a href=\"http:\/\/www.neulakko.net\/\">Neulakko<\/a>, suomalainen keskiajan k\u00e4dentaitoihin keskittynyt sivusto. L\u00f6ysin t\u00e4m\u00e4n pari viikkoa sitten ja en voi olla muuta kuin ihastunut!<\/li>\n<li>Turun yliopiston <a href=\"http:\/\/vanha.hum.utu.fi\/arkeologia\/tekstiiliprojekti\/\">Tekstiiliprojektin sivut<\/a>, josta l\u00f6ytyy mainioita viitteit\u00e4 historiallisia tekstiilej\u00e4 k\u00e4sitteleviin kirjoihin.<\/li>\n<li>Jos haluaa ihastella asiantuntevia keskiajan arkip\u00e4iv\u00e4n el\u00e4v\u00f6itt\u00e4ji\u00e4, niin <a href=\"http:\/\/www.brandenburg1260.de\/english_version.html\">Marca brandenburgensis anno domini 1260\n<p><\/a> &#8211;<\/p>\n<p>ryhm\u00e4n sivut ovat hyv\u00e4 paikka. <a href=\"http:\/\/www.brandenburg1260.de\/galerie.html\">Kuvia<\/a> l\u00f6ytyy paljon ja ryhm\u00e4n agenda tuntuu todella mielekk\u00e4\u00e4lt\u00e4.<\/li>\n<\/ul>\n<p>Ensi kerralla jotain aivan muuta kuin historiallisia vaatteita.<\/p>\n","protected":false},"excerpt":{"rendered":"<p>Olimme viikonloppuna Turussa Keskiaikaisilla Markkinoilla. Tosin vietimme aika my\u00f6s Turun linnassa ja linnaleiriss\u00e4. Linnaleiriss\u00e4 kinnasta neulaamassa: Kuten kuvista n\u00e4kyy, en sitten saanut ikin\u00e4 ommeltua niit\u00e4 hihoja p\u00e4\u00e4llysmekkoon. No, hihat ja kainalokiilat on kuitenkin leikattu, jos ne jossain vaiheessa haluan pukuun kiinnitt\u00e4\u00e4 (eli ei varmaan ikin\u00e4). P\u00e4\u00e4llysmekko on Herfjolnes 39 -tyyppinen, mutta k\u00e4ytin inspiraationa my\u00f6s t\u00e4t\u00e4 [&hellip;]<\/p>\n","protected":false},"author":2,"featured_media":0,"comment_status":"open","ping_status":"open","sticky":false,"template":"","format":"standard","meta":{"footnotes":""},"categories":[],"tags":[3],"class_list":["post-428","post","type-post","status-publish","format-standard","hentry","tag-historialliset-vaatteet"],"_links":{"self":[{"href":"https:\/\/mielitty.com\/blogi\/wp-json\/wp\/v2\/posts\/428","targetHints":{"allow":["GET"]}}],"collection":[{"href":"https:\/\/mielitty.com\/blogi\/wp-json\/wp\/v2\/posts"}],"about":[{"href":"https:\/\/mielitty.com\/blogi\/wp-json\/wp\/v2\/types\/post"}],"author":[{"embeddable":true,"href":"https:\/\/mielitty.com\/blogi\/wp-json\/wp\/v2\/users\/2"}],"replies":[{"embeddable":true,"href":"https:\/\/mielitty.com\/blogi\/wp-json\/wp\/v2\/comments?post=428"}],"version-history":[{"count":0,"href":"https:\/\/mielitty.com\/blogi\/wp-json\/wp\/v2\/posts\/428\/revisions"}],"wp:attachment":[{"href":"https:\/\/mielitty.com\/blogi\/wp-json\/wp\/v2\/media?parent=428"}],"wp:term":[{"taxonomy":"category","embeddable":true,"href":"https:\/\/mielitty.com\/blogi\/wp-json\/wp\/v2\/categories?post=428"},{"taxonomy":"post_tag","embeddable":true,"href":"https:\/\/mielitty.com\/blogi\/wp-json\/wp\/v2\/tags?post=428"}],"curies":[{"name":"wp","href":"https:\/\/api.w.org\/{rel}","templated":true}]}}