{"id":53,"date":"2005-09-27T11:35:00","date_gmt":"2005-09-27T11:35:00","guid":{"rendered":"http:\/\/mielitty.com\/blog\/2005\/09\/27\/rukista-ja-vaaleanpunaisesta-projektista\/"},"modified":"2005-09-27T11:35:00","modified_gmt":"2005-09-27T11:35:00","slug":"rukista-ja-vaaleanpunaisesta-projektista","status":"publish","type":"post","link":"https:\/\/mielitty.com\/blogi\/2005\/09\/27\/rukista-ja-vaaleanpunaisesta-projektista\/","title":{"rendered":"Rukista ja vaaleanpunaisesta projektista"},"content":{"rendered":"<p>Sain vihdoin pari p\u00e4iv\u00e4\u00e4 sitten energianpuuskan ja p\u00e4\u00e4tin harjoitella kehr\u00e4\u00e4mist\u00e4. Se ei kuitenkaan onnistunut ihan niin helposti kuin luulin: lanka ei suostu kiertym\u00e4\u00e4n rullalle. Nyt olen sitten pari p\u00e4iv\u00e4\u00e4 repinyt hiuksiani ja yritt\u00e4nyt s\u00e4\u00e4t\u00e4\u00e4. Ei vain tunnu mik\u00e4\u00e4n auttavan. Bollocks. Ehk\u00e4 minua ei ole tarkoitettu rukin kanssa yhteen. Enh\u00e4n tule toimeen neulekoneidenkaan kanssa.<\/p>\n<p>P\u00e4\u00e4dyin tekem\u00e4\u00e4n virolaisesta vaaleanpunavalkoisesta langasta ensiksi hihat. Sitten voin arvioida, ett\u00e4 riitt\u00e4isik\u00f6 lanka koko villatakkiin vai teenk\u00f6 bolerotyyppisen asusteen. Olen ihan innoissani langasta ja neulepinnasta!<\/p>\n<p><a href=\"\/blogi\/wp-content\/uploads\/2005\/09\/v.pun20projekti.jpg\" data-lightbox=\"gal[53]\"><img decoding=\"async\" style=\"\" src=\"\/blogi\/wp-content\/uploads\/2005\/09\/v.pun20projekti.jpg\" alt=\"\" border=\"0\" \/><\/a><\/p>\n","protected":false},"excerpt":{"rendered":"<p>Sain vihdoin pari p\u00e4iv\u00e4\u00e4 sitten energianpuuskan ja p\u00e4\u00e4tin harjoitella kehr\u00e4\u00e4mist\u00e4. Se ei kuitenkaan onnistunut ihan niin helposti kuin luulin: lanka ei suostu kiertym\u00e4\u00e4n rullalle. Nyt olen sitten pari p\u00e4iv\u00e4\u00e4 repinyt hiuksiani ja yritt\u00e4nyt s\u00e4\u00e4t\u00e4\u00e4. Ei vain tunnu mik\u00e4\u00e4n auttavan. Bollocks. Ehk\u00e4 minua ei ole tarkoitettu rukin kanssa yhteen. Enh\u00e4n tule toimeen neulekoneidenkaan kanssa. P\u00e4\u00e4dyin tekem\u00e4\u00e4n [&hellip;]<\/p>\n","protected":false},"author":2,"featured_media":0,"comment_status":"open","ping_status":"open","sticky":false,"template":"","format":"standard","meta":{"footnotes":""},"categories":[1],"tags":[],"class_list":["post-53","post","type-post","status-publish","format-standard","hentry","category-uncategorized"],"_links":{"self":[{"href":"https:\/\/mielitty.com\/blogi\/wp-json\/wp\/v2\/posts\/53","targetHints":{"allow":["GET"]}}],"collection":[{"href":"https:\/\/mielitty.com\/blogi\/wp-json\/wp\/v2\/posts"}],"about":[{"href":"https:\/\/mielitty.com\/blogi\/wp-json\/wp\/v2\/types\/post"}],"author":[{"embeddable":true,"href":"https:\/\/mielitty.com\/blogi\/wp-json\/wp\/v2\/users\/2"}],"replies":[{"embeddable":true,"href":"https:\/\/mielitty.com\/blogi\/wp-json\/wp\/v2\/comments?post=53"}],"version-history":[{"count":0,"href":"https:\/\/mielitty.com\/blogi\/wp-json\/wp\/v2\/posts\/53\/revisions"}],"wp:attachment":[{"href":"https:\/\/mielitty.com\/blogi\/wp-json\/wp\/v2\/media?parent=53"}],"wp:term":[{"taxonomy":"category","embeddable":true,"href":"https:\/\/mielitty.com\/blogi\/wp-json\/wp\/v2\/categories?post=53"},{"taxonomy":"post_tag","embeddable":true,"href":"https:\/\/mielitty.com\/blogi\/wp-json\/wp\/v2\/tags?post=53"}],"curies":[{"name":"wp","href":"https:\/\/api.w.org\/{rel}","templated":true}]}}