{"id":56,"date":"2005-10-01T07:19:00","date_gmt":"2005-10-01T07:19:00","guid":{"rendered":"http:\/\/mielitty.com\/blog\/2005\/10\/01\/synttarit\/"},"modified":"2005-10-01T07:19:00","modified_gmt":"2005-10-01T07:19:00","slug":"synttarit","status":"publish","type":"post","link":"https:\/\/mielitty.com\/blogi\/2005\/10\/01\/synttarit\/","title":{"rendered":"Syntt\u00e4rit!"},"content":{"rendered":"<p>Eli t\u00e4m\u00e4 tytt\u00f6 t\u00e4ytt\u00e4\u00e4 26-vuotta t\u00e4n\u00e4\u00e4n. Tai kai sit\u00e4 naiseksi pit\u00e4isi jo itse\u00e4\u00e4n t\u00e4m\u00e4n ik\u00e4isen\u00e4 kutsua. ;) Syntym\u00e4p\u00e4iv\u00e4ni kunniaksi kauniita kuvia mummon matonkuteista:<\/p>\n<p><a href=\"\/blogi\/wp-content\/uploads\/2005\/10\/kuteet.jpg\" data-lightbox=\"gal[56]\"><img decoding=\"async\" style=\"CURSOR: hand\" alt=\"\" src=\"\/blogi\/wp-content\/uploads\/2005\/10\/kuteet.jpg\" border=\"0\" \/><\/a><\/p>\n<p>Syntym\u00e4p\u00e4iv\u00e4 menee ty\u00f6n merkeiss\u00e4 ja iltaisella pit\u00e4isi menn\u00e4 katsomaan <a href=\"http:\/\/www.liikkuvalinna.fi\/\">Liikkuva Linna<\/a> ilman \u00e4rsytt\u00e4v\u00e4\u00e4 suomalais-dubbausta. Viime y\u00f6n\u00e4 j\u00e4i kuitenkin unet v\u00e4hiin, saattaa siis olla, ett\u00e4 juhlistan syntt\u00e4ri\u00e4ni viinipullolla ihan kotisohvalla. Huomenna tulee meid\u00e4n klaanimme (lue: l\u00e4hisuku) juhlistamaan vanhenemistani kahvin ja pullan merkeiss\u00e4.<\/p>\n<p>Eilen aloitin vaaleanpunavalkoisen-projektin vaikeimman osuuden. Tai tajusin vaiheen vaikeuden vasta, kun olin purkanut villatakin helman kaksi kertaa. Miten mittaaminen voi oikeasti olla niin vaikeaa?! Se siit\u00e4 saa, kun ei k\u00e4yt\u00e4 mink\u00e4\u00e4nlaisia ohjeita, vaan yritt\u00e4\u00e4 mittailla vanhoihin villatakkeihinsa. Nyt villatakin helmaa on jo noin 15 sentti\u00e4 kasassa.<\/p>\n","protected":false},"excerpt":{"rendered":"<p>Eli t\u00e4m\u00e4 tytt\u00f6 t\u00e4ytt\u00e4\u00e4 26-vuotta t\u00e4n\u00e4\u00e4n. Tai kai sit\u00e4 naiseksi pit\u00e4isi jo itse\u00e4\u00e4n t\u00e4m\u00e4n ik\u00e4isen\u00e4 kutsua. ;) Syntym\u00e4p\u00e4iv\u00e4ni kunniaksi kauniita kuvia mummon matonkuteista: Syntym\u00e4p\u00e4iv\u00e4 menee ty\u00f6n merkeiss\u00e4 ja iltaisella pit\u00e4isi menn\u00e4 katsomaan Liikkuva Linna ilman \u00e4rsytt\u00e4v\u00e4\u00e4 suomalais-dubbausta. Viime y\u00f6n\u00e4 j\u00e4i kuitenkin unet v\u00e4hiin, saattaa siis olla, ett\u00e4 juhlistan syntt\u00e4ri\u00e4ni viinipullolla ihan kotisohvalla. Huomenna tulee meid\u00e4n [&hellip;]<\/p>\n","protected":false},"author":2,"featured_media":0,"comment_status":"open","ping_status":"open","sticky":false,"template":"","format":"standard","meta":{"footnotes":""},"categories":[1],"tags":[],"class_list":["post-56","post","type-post","status-publish","format-standard","hentry","category-uncategorized"],"_links":{"self":[{"href":"https:\/\/mielitty.com\/blogi\/wp-json\/wp\/v2\/posts\/56","targetHints":{"allow":["GET"]}}],"collection":[{"href":"https:\/\/mielitty.com\/blogi\/wp-json\/wp\/v2\/posts"}],"about":[{"href":"https:\/\/mielitty.com\/blogi\/wp-json\/wp\/v2\/types\/post"}],"author":[{"embeddable":true,"href":"https:\/\/mielitty.com\/blogi\/wp-json\/wp\/v2\/users\/2"}],"replies":[{"embeddable":true,"href":"https:\/\/mielitty.com\/blogi\/wp-json\/wp\/v2\/comments?post=56"}],"version-history":[{"count":0,"href":"https:\/\/mielitty.com\/blogi\/wp-json\/wp\/v2\/posts\/56\/revisions"}],"wp:attachment":[{"href":"https:\/\/mielitty.com\/blogi\/wp-json\/wp\/v2\/media?parent=56"}],"wp:term":[{"taxonomy":"category","embeddable":true,"href":"https:\/\/mielitty.com\/blogi\/wp-json\/wp\/v2\/categories?post=56"},{"taxonomy":"post_tag","embeddable":true,"href":"https:\/\/mielitty.com\/blogi\/wp-json\/wp\/v2\/tags?post=56"}],"curies":[{"name":"wp","href":"https:\/\/api.w.org\/{rel}","templated":true}]}}