{"id":630,"date":"2009-02-14T13:57:00","date_gmt":"2009-02-14T13:57:00","guid":{"rendered":"http:\/\/mielitty.com\/blog\/2009\/02\/14\/ystavanpaivaa\/"},"modified":"2009-02-14T13:57:00","modified_gmt":"2009-02-14T13:57:00","slug":"ystavanpaivaa","status":"publish","type":"post","link":"https:\/\/mielitty.com\/blogi\/2009\/02\/14\/ystavanpaivaa\/","title":{"rendered":"Yst\u00e4v\u00e4np\u00e4iv\u00e4\u00e4!"},"content":{"rendered":"<p><a href=\"\/blogi\/wp-content\/uploads\/2009\/02\/kassa_ok-791852.jpg\" data-lightbox=\"gal[630]\"><img decoding=\"async\" style=\"\" src=\"\/blogi\/wp-content\/uploads\/2009\/02\/kassa_ok-791832.jpg\" alt=\"\" border=\"0\" \/><\/a><\/p>\n<p>Hauskaa yst\u00e4v\u00e4np\u00e4iv\u00e4\u00e4 kaikille!<\/p>\n<p>Edellisen postauksen &#8220;huomenna&#8221; onkin selv\u00e4sti &#8220;viiden p\u00e4iv\u00e4n p\u00e4\u00e4st\u00e4&#8221;. Kunnon kuvia joudutte odottelemaan seuraavaan postaukseen, koska kohta pit\u00e4\u00e4 kipitt\u00e4\u00e4 illan rientoihin, mutta nyt yst\u00e4v\u00e4np\u00e4iv\u00e4n kunniaksi on vuorossa pieni kysely ja arpajaiset.<\/p>\n<p>Yll\u00e4olevassa kuvassa on k\u00e4ss\u00e4pusseja, melko samanlaisia kuin kaksi, jotka tein omaan k\u00e4ytt\u00f6\u00f6n viime kev\u00e4\u00e4n\u00e4.  <a href=\"http:\/\/www.mielitty.com\/blogi\/2008\/03\/ksspussi.html\">Nuo kaksi<\/a> ovat olleet kovassa k\u00e4yt\u00f6ss\u00e4 niin k\u00e4ss\u00e4pusseina kuin kenk\u00e4pusseinakin ja hyvin ovat toimineet. Haluaisin nyt tiet\u00e4\u00e4 muiden s\u00e4ilytysratkaisuista.<\/p>\n<ol>\n<li>Miss\u00e4 ja miten s\u00e4ilyt\u00e4t mukana kulkevaa (matka-)k\u00e4sity\u00f6t\u00e4si?<\/li>\n<li>Miten s\u00e4ilyt\u00e4t kenki\u00e4 matkoilla ja onko sinulla ikin\u00e4 vaihtokenki\u00e4 mukanasi menness\u00e4si juhliin tai teatteriin?<\/li>\n<\/ol>\n<p>Vastaajien kesken arvotaan yksi k\u00e4ss\u00e4pussi. Vastausaikaa on maanantaihin 16.2. klo 20 asti.<\/p>\n<p>Nyt menen etsim\u00e4\u00e4n ehji\u00e4 sukkahousuja, ett\u00e4 p\u00e4\u00e4sen hippaamaan.<\/p>\n","protected":false},"excerpt":{"rendered":"<p>Hauskaa yst\u00e4v\u00e4np\u00e4iv\u00e4\u00e4 kaikille! Edellisen postauksen &#8220;huomenna&#8221; onkin selv\u00e4sti &#8220;viiden p\u00e4iv\u00e4n p\u00e4\u00e4st\u00e4&#8221;. Kunnon kuvia joudutte odottelemaan seuraavaan postaukseen, koska kohta pit\u00e4\u00e4 kipitt\u00e4\u00e4 illan rientoihin, mutta nyt yst\u00e4v\u00e4np\u00e4iv\u00e4n kunniaksi on vuorossa pieni kysely ja arpajaiset. Yll\u00e4olevassa kuvassa on k\u00e4ss\u00e4pusseja, melko samanlaisia kuin kaksi, jotka tein omaan k\u00e4ytt\u00f6\u00f6n viime kev\u00e4\u00e4n\u00e4. Nuo kaksi ovat olleet kovassa k\u00e4yt\u00f6ss\u00e4 niin k\u00e4ss\u00e4pusseina [&hellip;]<\/p>\n","protected":false},"author":2,"featured_media":0,"comment_status":"open","ping_status":"open","sticky":false,"template":"","format":"standard","meta":{"footnotes":""},"categories":[],"tags":[31],"class_list":["post-630","post","type-post","status-publish","format-standard","hentry","tag-ompelutyot"],"_links":{"self":[{"href":"https:\/\/mielitty.com\/blogi\/wp-json\/wp\/v2\/posts\/630","targetHints":{"allow":["GET"]}}],"collection":[{"href":"https:\/\/mielitty.com\/blogi\/wp-json\/wp\/v2\/posts"}],"about":[{"href":"https:\/\/mielitty.com\/blogi\/wp-json\/wp\/v2\/types\/post"}],"author":[{"embeddable":true,"href":"https:\/\/mielitty.com\/blogi\/wp-json\/wp\/v2\/users\/2"}],"replies":[{"embeddable":true,"href":"https:\/\/mielitty.com\/blogi\/wp-json\/wp\/v2\/comments?post=630"}],"version-history":[{"count":0,"href":"https:\/\/mielitty.com\/blogi\/wp-json\/wp\/v2\/posts\/630\/revisions"}],"wp:attachment":[{"href":"https:\/\/mielitty.com\/blogi\/wp-json\/wp\/v2\/media?parent=630"}],"wp:term":[{"taxonomy":"category","embeddable":true,"href":"https:\/\/mielitty.com\/blogi\/wp-json\/wp\/v2\/categories?post=630"},{"taxonomy":"post_tag","embeddable":true,"href":"https:\/\/mielitty.com\/blogi\/wp-json\/wp\/v2\/tags?post=630"}],"curies":[{"name":"wp","href":"https:\/\/api.w.org\/{rel}","templated":true}]}}