{"id":649,"date":"2009-04-13T07:29:00","date_gmt":"2009-04-13T07:29:00","guid":{"rendered":"http:\/\/mielitty.com\/blog\/2009\/04\/13\/paasiainen-kuvina\/"},"modified":"2009-04-13T07:29:00","modified_gmt":"2009-04-13T07:29:00","slug":"paasiainen-kuvina","status":"publish","type":"post","link":"https:\/\/mielitty.com\/blogi\/2009\/04\/13\/paasiainen-kuvina\/","title":{"rendered":"P\u00e4\u00e4si\u00e4inen kuvina"},"content":{"rendered":"<p>Olimme eilen vanhempieni luona p\u00e4\u00e4si\u00e4islounaalla ja -kahveilla. \u00c4iti oli tehnyt perinteiden mukaisesti pashaa ja min\u00e4 ja nuorempi pikkuveli hoidimme koristelun.<\/p>\n<p><a href=\"\/blogi\/wp-content\/uploads\/2009\/04\/pasha_ok-752970.JPG\" data-lightbox=\"gal[649]\"><img decoding=\"async\" style=\"\" src=\"\/blogi\/wp-content\/uploads\/2009\/04\/pasha_ok-752941.JPG\" alt=\"\" border=\"0\" \/><\/a><\/p>\n<p>Veljen tyyli oli hieman anarkistisempi, itse yritin pysy\u00e4 kuvioissa.:)<\/p>\n<p>Perheen valloittavin perheenj\u00e4sen on vanhempieni koira Nalle. Nalle on edelleen kovin nuori, alle yksivuotias, mutta ei todellakaan en\u00e4\u00e4 mitenk\u00e4\u00e4n pieni. En ollut tajunnutkaan, ett\u00e4 <a href=\"http:\/\/fi.wikipedia.org\/wiki\/Eurasier\">eurasiereista<\/a> tulee noin isoja. Luonteeltaan Nalle on kuitenkin hyvin lempe\u00e4, vaikkakin v\u00e4lill\u00e4 \u00e4rsytt\u00e4v\u00e4n v\u00e4linpit\u00e4m\u00e4tt\u00f6m\u00e4n kissamainen. Suurimman osan ajasta Nalle n\u00e4ytt\u00e4\u00e4 hyvin huolestuneelta.<\/p>\n<p><a href=\"\/blogi\/wp-content\/uploads\/2009\/04\/nalle1_ok-770574.JPG\" data-lightbox=\"gal[649]\"><img decoding=\"async\" style=\"\" src=\"\/blogi\/wp-content\/uploads\/2009\/04\/nalle1_ok-770536.JPG\" alt=\"\" border=\"0\" \/><\/a><\/p>\n<p>&#8220;Mit\u00e4 tapahtuu?&#8221;<\/p>\n<p><a href=\"\/blogi\/wp-content\/uploads\/2009\/04\/elinajanalle_ok-731155.JPG\" data-lightbox=\"gal[649]\"><img decoding=\"async\" style=\"\" src=\"\/blogi\/wp-content\/uploads\/2009\/04\/elinajanalle_ok-731141.JPG\" alt=\"\" border=\"0\" \/><\/a><\/p>\n<p>&#8220;Voivoi, kun ei vaan mit\u00e4\u00e4n k\u00e4vis. Maailmanloppu on t\u00e4\u00e4ll\u00e4 ihan justiinsa.&#8221;<\/p>\n<p>P\u00e4\u00e4si\u00e4iseen on kuulunut paljon k\u00e4vely\u00e4 vastapainona Mignon-munien, pashan ja m\u00e4mmin sy\u00f6miselle. Olen hieman pettynyt, ett\u00e4 luvattua l\u00e4mp\u00f6aaltoa (ts. +11 astetta) ei tullutkaan, vaan l\u00e4mp\u00f6tila on Helsingiss\u00e4 pysytellyt +5 asteen molemmin puolin.<\/p>\n<p><a href=\"\/blogi\/wp-content\/uploads\/2009\/04\/pajuoja_ok-728814.JPG\" data-lightbox=\"gal[649]\"><img decoding=\"async\" style=\"\" src=\"\/blogi\/wp-content\/uploads\/2009\/04\/pajuoja_ok-728774.JPG\" alt=\"\" border=\"0\" \/><\/a><\/p>\n<p><a href=\"\/blogi\/wp-content\/uploads\/2009\/04\/silmut_ok-790869.JPG\" data-lightbox=\"gal[649]\"><img decoding=\"async\" style=\"\" src=\"\/blogi\/wp-content\/uploads\/2009\/04\/silmut_ok-790865.JPG\" alt=\"\" border=\"0\" \/><\/a><\/p>\n<p>Ostin  itselleni p\u00e4\u00e4si\u00e4islahjan, uudet korvakorut.  Tamperelaisen Susanna Nurmisen uniikkikoruja voi ostaa ainakin Helsingiss\u00e4 <a href=\"http:\/\/www.jonk.fi\/\">Jonkista<\/a>. <\/p>\n<p><a href=\"\/blogi\/wp-content\/uploads\/2009\/04\/korvakorut_ok-736986.JPG\" data-lightbox=\"gal[649]\"><img decoding=\"async\" style=\"\" src=\"\/blogi\/wp-content\/uploads\/2009\/04\/korvakorut_ok-736970.JPG\" alt=\"\" border=\"0\" \/><\/a><\/p>\n<p>Kyll\u00e4 t\u00e4\u00e4ll\u00e4 on v\u00e4h\u00e4n neulottukin. Tosin <a href=\"http:\/\/www.mielitty.com\/blogi\/uploaded_images\/dill_luonnosok-707957.jpg\" data-lightbox=\"gal[649]\">Tilli-paita<\/a> ei ole edistynyt mihink\u00e4\u00e4n. Kuten ennustin, tekeminen on nyt tyss\u00e4nnyt puhvihihoihin.<\/p>\n<p>Linkkivinkkin\u00e4: Yst\u00e4v\u00e4ni <a href=\"http:\/\/visustivisuaalista.blogspot.com\/\">Visualisti<\/a> on tehnyt ihania <a href=\"http:\/\/visustivisuaalista.blogspot.com\/2009\/04\/magneettiset-napit.html\">nappimagneetteja<\/a>, jotka (tottakai!) sopivat v\u00e4reilt\u00e4\u00e4n t\u00e4ydellisesti heid\u00e4n kotinsa muuhun sisustukseen. Visualisti ottaa my\u00f6s upeita valokuvia, olen kade (ja haluan my\u00f6s j\u00e4rkk\u00e4rin).<\/p>\n","protected":false},"excerpt":{"rendered":"<p>Olimme eilen vanhempieni luona p\u00e4\u00e4si\u00e4islounaalla ja -kahveilla. \u00c4iti oli tehnyt perinteiden mukaisesti pashaa ja min\u00e4 ja nuorempi pikkuveli hoidimme koristelun. Veljen tyyli oli hieman anarkistisempi, itse yritin pysy\u00e4 kuvioissa.:) Perheen valloittavin perheenj\u00e4sen on vanhempieni koira Nalle. Nalle on edelleen kovin nuori, alle yksivuotias, mutta ei todellakaan en\u00e4\u00e4 mitenk\u00e4\u00e4n pieni. En ollut tajunnutkaan, ett\u00e4 eurasiereista tulee [&hellip;]<\/p>\n","protected":false},"author":2,"featured_media":0,"comment_status":"open","ping_status":"open","sticky":false,"template":"","format":"standard","meta":{"footnotes":""},"categories":[],"tags":[4],"class_list":["post-649","post","type-post","status-publish","format-standard","hentry","tag-minamina"],"_links":{"self":[{"href":"https:\/\/mielitty.com\/blogi\/wp-json\/wp\/v2\/posts\/649","targetHints":{"allow":["GET"]}}],"collection":[{"href":"https:\/\/mielitty.com\/blogi\/wp-json\/wp\/v2\/posts"}],"about":[{"href":"https:\/\/mielitty.com\/blogi\/wp-json\/wp\/v2\/types\/post"}],"author":[{"embeddable":true,"href":"https:\/\/mielitty.com\/blogi\/wp-json\/wp\/v2\/users\/2"}],"replies":[{"embeddable":true,"href":"https:\/\/mielitty.com\/blogi\/wp-json\/wp\/v2\/comments?post=649"}],"version-history":[{"count":0,"href":"https:\/\/mielitty.com\/blogi\/wp-json\/wp\/v2\/posts\/649\/revisions"}],"wp:attachment":[{"href":"https:\/\/mielitty.com\/blogi\/wp-json\/wp\/v2\/media?parent=649"}],"wp:term":[{"taxonomy":"category","embeddable":true,"href":"https:\/\/mielitty.com\/blogi\/wp-json\/wp\/v2\/categories?post=649"},{"taxonomy":"post_tag","embeddable":true,"href":"https:\/\/mielitty.com\/blogi\/wp-json\/wp\/v2\/tags?post=649"}],"curies":[{"name":"wp","href":"https:\/\/api.w.org\/{rel}","templated":true}]}}