{"id":656,"date":"2009-05-12T17:32:00","date_gmt":"2009-05-12T17:32:00","guid":{"rendered":"http:\/\/mielitty.com\/blog\/2009\/05\/12\/pilkahduksia\/"},"modified":"2009-05-12T17:32:00","modified_gmt":"2009-05-12T17:32:00","slug":"pilkahduksia","status":"publish","type":"post","link":"https:\/\/mielitty.com\/blogi\/2009\/05\/12\/pilkahduksia\/","title":{"rendered":"Pilkahduksia"},"content":{"rendered":"<p><a href=\"\/blogi\/wp-content\/uploads\/2009\/05\/rucolareissumies_ok-709668.JPG\" data-lightbox=\"gal[656]\"><img decoding=\"async\" style=\"\" src=\"\/blogi\/wp-content\/uploads\/2009\/05\/rucolareissumies_ok-709638.JPG\" alt=\"\" border=\"0\" \/><\/a><\/p>\n<p>On harmillista, ettei hyvi\u00e4 fiiliksi\u00e4 juuri pysty levitt\u00e4m\u00e4\u00e4n blogin kautta. T\u00e4n\u00e4\u00e4n on ollut erinomainen p\u00e4iv\u00e4. Tai itseasiassa vaikka viimeisen viikon aikana on ollut enemm\u00e4n flunssap\u00e4ivi\u00e4 kuin terveit\u00e4, on kuitenkin yleisfiilis ollut todellatodella hyv\u00e4. Ep\u00e4ilen, ett\u00e4 minusta kuuluu tasainen hyrisev\u00e4 kehr\u00e4ys, kunhan tarpeeksi tarkasti kuuntelee.<\/p>\n<p><a href=\"\/blogi\/wp-content\/uploads\/2009\/05\/vaahtera_ok-717733.JPG\" data-lightbox=\"gal[656]\"><img decoding=\"async\" style=\"\" src=\"\/blogi\/wp-content\/uploads\/2009\/05\/vaahtera_ok-717696.JPG\" alt=\"\" border=\"0\" \/><\/a><\/p>\n<p>Mit\u00e4\u00e4n ihmeellist\u00e4 uutta ei ole tapahtunut tai tapahtumassa, kunhan nyt vain on kivaa. T\u00e4n\u00e4\u00e4n on ollut ihana auringonpaiste ja p\u00e4\u00e4sin taas py\u00f6r\u00e4ilem\u00e4\u00e4n, kun flunssa on hieman hellitt\u00e4nyt.<\/p>\n<p>Tykk\u00e4\u00e4n.<\/p>\n<p>Ehk\u00e4 t\u00e4m\u00e4 johtuu kev\u00e4\u00e4st\u00e4, en tied\u00e4. Toivon muistavani t\u00e4m\u00e4n tunteen ensi kev\u00e4\u00e4n\u00e4, niin kuin nyt muistan viime kev\u00e4\u00e4n ahdistuksen. Valitettavan usein onnentunne on helpommin unohdettavissa kuin negatiivinen tunneasteikko. Siit\u00e4 t\u00e4m\u00e4 postaus.<\/p>\n<p><a href=\"\/blogi\/wp-content\/uploads\/2009\/05\/puhvi_tilli_ok-745164.JPG\" data-lightbox=\"gal[656]\"><img decoding=\"async\" style=\"\" src=\"\/blogi\/wp-content\/uploads\/2009\/05\/puhvi_tilli_ok-745147.JPG\" alt=\"\" border=\"0\" \/><\/a><\/p>\n<p>Ja hyrin\u00e4\u00e4 vain lis\u00e4\u00e4, ett\u00e4 <a href=\"http:\/\/www.mielitty.com\/blogi\/2008\/03\/so-30s.html\">vuosi sitten maaliskuussa aloitettu kes\u00e4neule<\/a> on vihdoin valmis! Parempia kuvia ja raporttia projektista tulossa, kunhan hovikuvaaja ja min\u00e4 olemme valoisaan aikaan kummatkin vapaana.<\/p>\n<p>Lopuksi nolon ihana (vai ihanan nolo?) Ultra Bran Villiviini:<\/p>\n<p><object width=\"425\" height=\"344\"><param name=\"movie\" value=\"http:\/\/www.youtube.com\/v\/YYWjAukvK3E&amp;hl=en&amp;fs=1\"><param name=\"allowFullScreen\" value=\"true\"><param name=\"allowscriptaccess\" value=\"always\"><embed src=\"http:\/\/www.youtube.com\/v\/YYWjAukvK3E&amp;hl=en&amp;fs=1\" type=\"application\/x-shockwave-flash\" allowscriptaccess=\"always\" allowfullscreen=\"true\" width=\"425\" height=\"344\"><\/embed><\/object><\/p>\n<p>Videosta en edes sano mit\u00e4\u00e4n.<\/p>\n","protected":false},"excerpt":{"rendered":"<p>On harmillista, ettei hyvi\u00e4 fiiliksi\u00e4 juuri pysty levitt\u00e4m\u00e4\u00e4n blogin kautta. T\u00e4n\u00e4\u00e4n on ollut erinomainen p\u00e4iv\u00e4. Tai itseasiassa vaikka viimeisen viikon aikana on ollut enemm\u00e4n flunssap\u00e4ivi\u00e4 kuin terveit\u00e4, on kuitenkin yleisfiilis ollut todellatodella hyv\u00e4. Ep\u00e4ilen, ett\u00e4 minusta kuuluu tasainen hyrisev\u00e4 kehr\u00e4ys, kunhan tarpeeksi tarkasti kuuntelee. Mit\u00e4\u00e4n ihmeellist\u00e4 uutta ei ole tapahtunut tai tapahtumassa, kunhan nyt vain [&hellip;]<\/p>\n","protected":false},"author":2,"featured_media":0,"comment_status":"open","ping_status":"open","sticky":false,"template":"","format":"standard","meta":{"footnotes":""},"categories":[],"tags":[4,58,38],"class_list":["post-656","post","type-post","status-publish","format-standard","hentry","tag-minamina","tag-musiikki","tag-onnea"],"_links":{"self":[{"href":"https:\/\/mielitty.com\/blogi\/wp-json\/wp\/v2\/posts\/656","targetHints":{"allow":["GET"]}}],"collection":[{"href":"https:\/\/mielitty.com\/blogi\/wp-json\/wp\/v2\/posts"}],"about":[{"href":"https:\/\/mielitty.com\/blogi\/wp-json\/wp\/v2\/types\/post"}],"author":[{"embeddable":true,"href":"https:\/\/mielitty.com\/blogi\/wp-json\/wp\/v2\/users\/2"}],"replies":[{"embeddable":true,"href":"https:\/\/mielitty.com\/blogi\/wp-json\/wp\/v2\/comments?post=656"}],"version-history":[{"count":0,"href":"https:\/\/mielitty.com\/blogi\/wp-json\/wp\/v2\/posts\/656\/revisions"}],"wp:attachment":[{"href":"https:\/\/mielitty.com\/blogi\/wp-json\/wp\/v2\/media?parent=656"}],"wp:term":[{"taxonomy":"category","embeddable":true,"href":"https:\/\/mielitty.com\/blogi\/wp-json\/wp\/v2\/categories?post=656"},{"taxonomy":"post_tag","embeddable":true,"href":"https:\/\/mielitty.com\/blogi\/wp-json\/wp\/v2\/tags?post=656"}],"curies":[{"name":"wp","href":"https:\/\/api.w.org\/{rel}","templated":true}]}}