{"id":667,"date":"2009-06-12T17:40:00","date_gmt":"2009-06-12T17:40:00","guid":{"rendered":"http:\/\/mielitty.com\/blog\/2009\/06\/12\/viikonloppua-ompelua-ja-neulomista\/"},"modified":"2009-06-12T17:40:00","modified_gmt":"2009-06-12T17:40:00","slug":"viikonloppua-ompelua-ja-neulomista","status":"publish","type":"post","link":"https:\/\/mielitty.com\/blogi\/2009\/06\/12\/viikonloppua-ompelua-ja-neulomista\/","title":{"rendered":"Viikonloppua, ompelua ja neulomista"},"content":{"rendered":"<p><a href=\"\/blogi\/wp-content\/uploads\/2009\/06\/laskokset_ok-752995.JPG\" data-lightbox=\"gal[667]\"><img decoding=\"async\" style=\"\" src=\"\/blogi\/wp-content\/uploads\/2009\/06\/laskokset_ok-752960.JPG\" alt=\"\" border=\"0\" \/><\/a><\/p>\n<p>T\u00e4ss\u00e4 valmistuu tunika tai sitten ei&#8230; Omaan opettajamaisen varman asenteen.<\/p>\n<p>Taas on yksi arkiviikko takana, p\u00e4iv\u00e4t vain menev\u00e4t ohi, tsiuuuh. T\u00e4n\u00e4\u00e4n on ollut <a href=\"http:\/\/www.helsinki.fi\/fi\/index\/tapahtumat\/07d1d0a1f762c70dbc3382a3bc1fda63.html\">Helsinki-p\u00e4iv\u00e4<\/a> ja suunnittelin kyll\u00e4 oodimaista postausta (taas vaihteeksi) rakkaalle Helsingilleni, joka on maailman paras paikka. V\u00e4ltytte kuitenkin Helsinki-ylistykselt\u00e4 t\u00e4ll\u00e4 kertaa.<\/p>\n<p>Huomenna taas on <a href=\"http:\/\/www.wwkipday.com\/\">Knitting in Public -p\u00e4iv\u00e4<\/a>.  En ole aikaisemmin KIP-p\u00e4iv\u00e4\u00e4n osallistunut, mutta t\u00e4ll\u00e4 kertaa osallistun jo ty\u00f6nkin puolesta LankaMaailma Nordian <a href=\"http:\/\/www.lankamaailmanordia.fi\/ajankohtaista\">KIP-tapahtumaan<\/a>. Muita Suomessa j\u00e4rjestett\u00e4vi\u00e4 KIP-kokoontumisia voi selata <a href=\"http:\/\/www.wwkipday.com\/find_kip.htm\">viralliselta KIP-sivulta<\/a>. Neulojat ovat ihastuttavan tomeraa ja aikaansaavaa v\u00e4ke\u00e4.<\/p>\n<p>Oli p\u00e4iv\u00e4 mik\u00e4 tahansa, on neulomista hyv\u00e4 harrastaa joka p\u00e4iv\u00e4. Ja ompeluakin ainakin kerran viikossa!<\/p>\n","protected":false},"excerpt":{"rendered":"<p>T\u00e4ss\u00e4 valmistuu tunika tai sitten ei&#8230; Omaan opettajamaisen varman asenteen. Taas on yksi arkiviikko takana, p\u00e4iv\u00e4t vain menev\u00e4t ohi, tsiuuuh. T\u00e4n\u00e4\u00e4n on ollut Helsinki-p\u00e4iv\u00e4 ja suunnittelin kyll\u00e4 oodimaista postausta (taas vaihteeksi) rakkaalle Helsingilleni, joka on maailman paras paikka. V\u00e4ltytte kuitenkin Helsinki-ylistykselt\u00e4 t\u00e4ll\u00e4 kertaa. Huomenna taas on Knitting in Public -p\u00e4iv\u00e4. En ole aikaisemmin KIP-p\u00e4iv\u00e4\u00e4n osallistunut, [&hellip;]<\/p>\n","protected":false},"author":2,"featured_media":0,"comment_status":"open","ping_status":"open","sticky":false,"template":"","format":"standard","meta":{"footnotes":""},"categories":[],"tags":[5],"class_list":["post-667","post","type-post","status-publish","format-standard","hentry","tag-vinkit"],"_links":{"self":[{"href":"https:\/\/mielitty.com\/blogi\/wp-json\/wp\/v2\/posts\/667","targetHints":{"allow":["GET"]}}],"collection":[{"href":"https:\/\/mielitty.com\/blogi\/wp-json\/wp\/v2\/posts"}],"about":[{"href":"https:\/\/mielitty.com\/blogi\/wp-json\/wp\/v2\/types\/post"}],"author":[{"embeddable":true,"href":"https:\/\/mielitty.com\/blogi\/wp-json\/wp\/v2\/users\/2"}],"replies":[{"embeddable":true,"href":"https:\/\/mielitty.com\/blogi\/wp-json\/wp\/v2\/comments?post=667"}],"version-history":[{"count":0,"href":"https:\/\/mielitty.com\/blogi\/wp-json\/wp\/v2\/posts\/667\/revisions"}],"wp:attachment":[{"href":"https:\/\/mielitty.com\/blogi\/wp-json\/wp\/v2\/media?parent=667"}],"wp:term":[{"taxonomy":"category","embeddable":true,"href":"https:\/\/mielitty.com\/blogi\/wp-json\/wp\/v2\/categories?post=667"},{"taxonomy":"post_tag","embeddable":true,"href":"https:\/\/mielitty.com\/blogi\/wp-json\/wp\/v2\/tags?post=667"}],"curies":[{"name":"wp","href":"https:\/\/api.w.org\/{rel}","templated":true}]}}